{"id":1656,"date":"2022-05-31T16:23:14","date_gmt":"2022-05-31T16:23:14","guid":{"rendered":"https:\/\/farmaciacarreras.es\/?p=1656"},"modified":"2022-06-22T07:18:32","modified_gmt":"2022-06-22T07:18:32","slug":"els-problemes-de-salut-per-medicaments-i-la-carrega-que-suposen-pels-pacients-i-pel-nostre-sistema-sanitari","status":"publish","type":"post","link":"https:\/\/farmaciacarreras.es\/ca\/els-problemes-de-salut-per-medicaments-i-la-carrega-que-suposen-pels-pacients-i-pel-nostre-sistema-sanitari\/","title":{"rendered":"Els problemes de Salut per Medicaments i la c\u00e0rrega que suposen pels pacients i pel nostre sistema sanitari"},"content":{"rendered":"<div class=\"fusion-fullwidth fullwidth-box fusion-builder-row-1 nonhundred-percent-fullwidth non-hundred-percent-height-scrolling\" style=\"background-color: rgba(255,255,255,0);background-position: left top;background-repeat: no-repeat;padding-top:100px;padding-right:0px;padding-bottom:100px;padding-left:0px;margin-bottom: 0px;margin-top: 0px;border-width: 0px 0px 0px 0px;border-color:#eae9e9;border-style:solid;\" ><div class=\"fusion-builder-row fusion-row\"><div class=\"fusion-layout-column fusion_builder_column fusion-builder-column-0 fusion_builder_column_1_1 1_1 fusion-one-full fusion-column-first fusion-column-last\" style=\"margin-top:0px;margin-bottom:30px;\"><div class=\"fusion-column-wrapper fusion-flex-column-wrapper-legacy\" style=\"background-position:left top;background-repeat:no-repeat;-webkit-background-size:cover;-moz-background-size:cover;-o-background-size:cover;background-size:cover;background-color:#ffffff;border-width: 0px 0px 0px 0px;border-color:#dddddd;border-style:solid;padding: 0px 0px 0px 0px;\"><div class=\"fusion-text fusion-text-1\"><p><span lang=\"CA\">El <b>dimecres 1 de juny de 2022<\/b>, es va celebrarar, a la sala d&#8217;actes de la Reial Acad\u00e8mia de Farm\u00e0cia de Catalunya, una Taula Rodona organitzada per la secci\u00f3 VII, Farm\u00e0cia assistencial i comunit\u00e0ria, amb el t\u00edtol &#8220;<\/span><b>Els problemes de Salut per Medicaments i la c\u00e0rrega que suposen pels pacients i pel nostre sistema sanitari&#8221;.\u00a0<\/b><\/p>\n<p>Va presentar l&#8217;acte la Dra.\u00a0 Ant\u00f2nia Mangues, acad\u00e8mica numer\u00e0ria de la Reial Acad\u00e8mia de Farm\u00e0cia de Catalunya i directora del Servei de Farm\u00e0cia de l&#8217;Hospital de la Santa Creu i Sant Pau de Barcelona. Intervendran com a ponents, la Dra. Ana Juanes. farmac\u00e8utica especialista en Farm\u00e0cia Hospital\u00e0ria i adjunta del Servei de Farm\u00e0cia de l&#8217;Hospital de la Santa Creu i Sant Pau de Barcelona, el Dr. Jes\u00fas Ruiz Ramos, farmac\u00e8utic especialista en Farm\u00e0cia Hospital\u00e0ria i adjunt del Servei de Farm\u00e0cia de l&#8217;Hospital de la Santa Creu i Sant Pau de Barcelona i el Dr. Antoni Gilabert. director \u00c0rea Innovaci\u00f3 i Partenariat del Consorci de Salut i Social de Catalunya (CSC) .<\/p>\n<\/div><div class=\"fusion-align-block\"><style type=\"text\/css\">.fusion-button.button-1 {border-radius:2px;}<\/style><a class=\"fusion-button button-flat button-large button-default button-1 fusion-button-default-span fusion-button-default-type\" target=\"_self\" href=\"https:\/\/drive.google.com\/file\/d\/1wLkKIqdc0VK6wc-BGz_7A8EkmxnuEjtx\/view\"><i class=\"fa-film fas button-icon-left\" aria-hidden=\"true\"><\/i><span class=\"fusion-button-text\">Veure video<\/span><\/a><\/div><div class=\"fusion-clearfix\"><\/div><\/div><\/div><div class=\"fusion-layout-column fusion_builder_column fusion-builder-column-1 fusion_builder_column_1_3 1_3 fusion-one-third fusion-column-first\" style=\"width:33.333333333333%;width:calc(33.333333333333% - ( ( 4% + 4% ) * 0.33333333333333 ) );margin-right: 4%;margin-top:0px;margin-bottom:30px;\"><div class=\"fusion-column-wrapper fusion-flex-column-wrapper-legacy\" style=\"background-position:left top;background-repeat:no-repeat;-webkit-background-size:cover;-moz-background-size:cover;-o-background-size:cover;background-size:cover;padding: 0px 0px 0px 0px;\"><div class=\"fusion-text fusion-text-2\"><h4 style=\"text-align: left;\">PONENTE<\/h4>\n<\/div><div class=\"fusion-sep-clear\"><\/div><div class=\"fusion-separator fusion-full-width-sep\" style=\"margin-left: auto;margin-right: auto;margin-top:0px;margin-bottom:30px;width:100%;max-width:100%;\"><div class=\"fusion-separator-border sep-single sep-solid\" style=\"border-color:#3bafbf;border-top-width:2px;\"><\/div><\/div><div class=\"fusion-sep-clear\"><\/div><div class=\"fusion-text fusion-text-3\"><p><strong>Dra.Ant\u00f2nia Mangues<\/strong><br \/>\nAcad\u00e8mica numer\u00e0ria de la Reial Acad\u00e8mia de Farm\u00e0cia de Catalunya i directora del Servei de Farm\u00e0cia de l&#8217;Hospital de la Santa Creu i Sant Pau de Barcelona<\/p>\n<\/div><div class=\"fusion-clearfix\"><\/div><\/div><\/div><div class=\"fusion-layout-column fusion_builder_column fusion-builder-column-2 fusion_builder_column_1_3 1_3 fusion-one-third\" style=\"width:33.333333333333%;width:calc(33.333333333333% - ( ( 4% + 4% ) * 0.33333333333333 ) );margin-right: 4%;margin-top:0px;margin-bottom:30px;\"><div class=\"fusion-column-wrapper fusion-flex-column-wrapper-legacy\" style=\"background-position:left top;background-repeat:no-repeat;-webkit-background-size:cover;-moz-background-size:cover;-o-background-size:cover;background-size:cover;padding: 0px 0px 0px 0px;\"><div class=\"fusion-text fusion-text-4\"><h4 style=\"text-align: left;\">FECHA<\/h4>\n<\/div><div class=\"fusion-sep-clear\"><\/div><div class=\"fusion-separator fusion-full-width-sep\" style=\"margin-left: auto;margin-right: auto;margin-top:0px;margin-bottom:30px;width:100%;max-width:100%;\"><div class=\"fusion-separator-border sep-single sep-solid\" style=\"border-color:#3bafbf;border-top-width:2px;\"><\/div><\/div><div class=\"fusion-sep-clear\"><\/div><div class=\"fusion-text fusion-text-5\"><p><strong>1 de Juny, 2022<\/strong><br \/>\n18:30<\/p>\n<\/div><div class=\"fusion-clearfix\"><\/div><\/div><\/div><div class=\"fusion-layout-column fusion_builder_column fusion-builder-column-3 fusion_builder_column_1_3 1_3 fusion-one-third fusion-column-last\" style=\"width:33.333333333333%;width:calc(33.333333333333% - ( ( 4% + 4% ) * 0.33333333333333 ) );margin-top:0px;margin-bottom:30px;\"><div class=\"fusion-column-wrapper fusion-flex-column-wrapper-legacy\" style=\"background-position:left top;background-repeat:no-repeat;-webkit-background-size:cover;-moz-background-size:cover;-o-background-size:cover;background-size:cover;padding: 0px 0px 0px 0px;\"><div class=\"fusion-text fusion-text-6\"><h4 style=\"text-align: left;\">LUGAR<\/h4>\n<\/div><div class=\"fusion-sep-clear\"><\/div><div class=\"fusion-separator fusion-full-width-sep\" style=\"margin-left: auto;margin-right: auto;margin-top:0px;margin-bottom:30px;width:100%;max-width:100%;\"><div class=\"fusion-separator-border sep-single sep-solid\" style=\"border-color:#3bafbf;border-top-width:2px;\"><\/div><\/div><div class=\"fusion-sep-clear\"><\/div><div class=\"fusion-text fusion-text-7\"><p><strong>Reial Acad\u00e8mia de Farm\u00e0cia de Catalunya<\/strong><\/p>\n<\/div><div class=\"fusion-align-block\"><style type=\"text\/css\">.fusion-button.button-2 {border-radius:2px;}<\/style><a class=\"fusion-button button-flat button-medium button-default button-2 fusion-button-default-span fusion-button-default-type\" target=\"_blank\" rel=\"noopener noreferrer\" href=\"https:\/\/rafc.cat\/\"><span class=\"fusion-button-text\">Lloc Web<\/span><\/a><\/div><div class=\"fusion-clearfix\"><\/div><\/div><\/div><\/div><\/div>\n","protected":false},"excerpt":{"rendered":"","protected":false},"author":1,"featured_media":1594,"comment_status":"open","ping_status":"open","sticky":false,"template":"","format":"standard","meta":{"footnotes":""},"categories":[19],"tags":[],"yoast_head":"<!-- This site is optimized with the Yoast SEO plugin v21.0 - https:\/\/yoast.com\/wordpress\/plugins\/seo\/ -->\n<title>Els problemes de Salut per Medicaments i la c\u00e0rrega que suposen pels pacients i pel nostre sistema sanitari - Farmacia Dr.Carreras<\/title>\n<meta name=\"robots\" content=\"noindex, follow\" \/>\n<meta property=\"og:locale\" content=\"ca_ES\" \/>\n<meta property=\"og:type\" content=\"article\" \/>\n<meta property=\"og:title\" content=\"Els problemes de Salut per Medicaments i la c\u00e0rrega que suposen pels pacients i pel nostre sistema sanitari - Farmacia Dr.Carreras\" \/>\n<meta property=\"og:url\" content=\"https:\/\/farmaciacarreras.es\/ca\/els-problemes-de-salut-per-medicaments-i-la-carrega-que-suposen-pels-pacients-i-pel-nostre-sistema-sanitari\/\" \/>\n<meta property=\"og:site_name\" content=\"Farmacia Dr.Carreras\" \/>\n<meta property=\"article:published_time\" content=\"2022-05-31T16:23:14+00:00\" \/>\n<meta property=\"article:modified_time\" content=\"2022-06-22T07:18:32+00:00\" \/>\n<meta property=\"og:image\" content=\"https:\/\/farmaciacarreras.es\/wp-content\/uploads\/2021\/09\/CABECERA-PARTICULAR.jpg\" \/>\n\t<meta property=\"og:image:width\" content=\"1500\" \/>\n\t<meta property=\"og:image:height\" content=\"400\" \/>\n\t<meta property=\"og:image:type\" content=\"image\/jpeg\" \/>\n<meta name=\"author\" content=\"adminfc\" \/>\n<meta name=\"twitter:card\" content=\"summary_large_image\" \/>\n<meta name=\"twitter:label1\" content=\"Escrit per\" \/>\n\t<meta name=\"twitter:data1\" content=\"adminfc\" \/>\n\t<meta name=\"twitter:label2\" content=\"Temps estimat de lectura\" \/>\n\t<meta name=\"twitter:data2\" content=\"11 minuts\" \/>\n<script type=\"application\/ld+json\" class=\"yoast-schema-graph\">{\"@context\":\"https:\/\/schema.org\",\"@graph\":[{\"@type\":\"Article\",\"@id\":\"https:\/\/farmaciacarreras.es\/ca\/els-problemes-de-salut-per-medicaments-i-la-carrega-que-suposen-pels-pacients-i-pel-nostre-sistema-sanitari\/#article\",\"isPartOf\":{\"@id\":\"https:\/\/farmaciacarreras.es\/ca\/els-problemes-de-salut-per-medicaments-i-la-carrega-que-suposen-pels-pacients-i-pel-nostre-sistema-sanitari\/\"},\"author\":{\"name\":\"adminfc\",\"@id\":\"https:\/\/farmaciacarreras.es\/es\/#\/schema\/person\/a26767c0fd5bef20f52747a752a0ed37\"},\"headline\":\"Els problemes de Salut per Medicaments i la c\u00e0rrega que suposen pels pacients i pel nostre sistema sanitari\",\"datePublished\":\"2022-05-31T16:23:14+00:00\",\"dateModified\":\"2022-06-22T07:18:32+00:00\",\"mainEntityOfPage\":{\"@id\":\"https:\/\/farmaciacarreras.es\/ca\/els-problemes-de-salut-per-medicaments-i-la-carrega-que-suposen-pels-pacients-i-pel-nostre-sistema-sanitari\/\"},\"wordCount\":2296,\"commentCount\":0,\"publisher\":{\"@id\":\"https:\/\/farmaciacarreras.es\/es\/#organization\"},\"inLanguage\":\"ca\",\"potentialAction\":[{\"@type\":\"CommentAction\",\"name\":\"Comment\",\"target\":[\"https:\/\/farmaciacarreras.es\/ca\/els-problemes-de-salut-per-medicaments-i-la-carrega-que-suposen-pels-pacients-i-pel-nostre-sistema-sanitari\/#respond\"]}]},{\"@type\":\"WebPage\",\"@id\":\"https:\/\/farmaciacarreras.es\/ca\/els-problemes-de-salut-per-medicaments-i-la-carrega-que-suposen-pels-pacients-i-pel-nostre-sistema-sanitari\/\",\"url\":\"https:\/\/farmaciacarreras.es\/ca\/els-problemes-de-salut-per-medicaments-i-la-carrega-que-suposen-pels-pacients-i-pel-nostre-sistema-sanitari\/\",\"name\":\"Els problemes de Salut per Medicaments i la c\u00e0rrega que suposen pels pacients i pel nostre sistema sanitari - Farmacia Dr.Carreras\",\"isPartOf\":{\"@id\":\"https:\/\/farmaciacarreras.es\/es\/#website\"},\"datePublished\":\"2022-05-31T16:23:14+00:00\",\"dateModified\":\"2022-06-22T07:18:32+00:00\",\"breadcrumb\":{\"@id\":\"https:\/\/farmaciacarreras.es\/ca\/els-problemes-de-salut-per-medicaments-i-la-carrega-que-suposen-pels-pacients-i-pel-nostre-sistema-sanitari\/#breadcrumb\"},\"inLanguage\":\"ca\",\"potentialAction\":[{\"@type\":\"ReadAction\",\"target\":[\"https:\/\/farmaciacarreras.es\/ca\/els-problemes-de-salut-per-medicaments-i-la-carrega-que-suposen-pels-pacients-i-pel-nostre-sistema-sanitari\/\"]}]},{\"@type\":\"BreadcrumbList\",\"@id\":\"https:\/\/farmaciacarreras.es\/ca\/els-problemes-de-salut-per-medicaments-i-la-carrega-que-suposen-pels-pacients-i-pel-nostre-sistema-sanitari\/#breadcrumb\",\"itemListElement\":[{\"@type\":\"ListItem\",\"position\":1,\"name\":\"Portada\",\"item\":\"https:\/\/farmaciacarreras.es\/ca\/\"},{\"@type\":\"ListItem\",\"position\":2,\"name\":\"Els problemes de Salut per Medicaments i la c\u00e0rrega que suposen pels pacients i pel nostre sistema sanitari\"}]},{\"@type\":\"WebSite\",\"@id\":\"https:\/\/farmaciacarreras.es\/es\/#website\",\"url\":\"https:\/\/farmaciacarreras.es\/es\/\",\"name\":\"Farmacia Dr.Carreras\",\"description\":\"FARMACIA DR. CARRERAS. Elaboraci\u00f3n y control de medicamentos. Tel 93 318 70 99 Fax 93 412 32 32. Carrer Hospital, 14 - 08001 Barcelona.\",\"publisher\":{\"@id\":\"https:\/\/farmaciacarreras.es\/es\/#organization\"},\"potentialAction\":[{\"@type\":\"SearchAction\",\"target\":{\"@type\":\"EntryPoint\",\"urlTemplate\":\"https:\/\/farmaciacarreras.es\/es\/?s={search_term_string}\"},\"query-input\":\"required name=search_term_string\"}],\"inLanguage\":\"ca\"},{\"@type\":\"Organization\",\"@id\":\"https:\/\/farmaciacarreras.es\/es\/#organization\",\"name\":\"Farmacia Dr. Carreras\",\"url\":\"https:\/\/farmaciacarreras.es\/es\/\",\"logo\":{\"@type\":\"ImageObject\",\"inLanguage\":\"ca\",\"@id\":\"https:\/\/farmaciacarreras.es\/es\/#\/schema\/logo\/image\/\",\"url\":\"https:\/\/farmaciacarreras.es\/wp-content\/uploads\/2015\/12\/LOGO-Texto-Home.jpg\",\"contentUrl\":\"https:\/\/farmaciacarreras.es\/wp-content\/uploads\/2015\/12\/LOGO-Texto-Home.jpg\",\"width\":120,\"height\":138,\"caption\":\"Farmacia Dr. Carreras\"},\"image\":{\"@id\":\"https:\/\/farmaciacarreras.es\/es\/#\/schema\/logo\/image\/\"}},{\"@type\":\"Person\",\"@id\":\"https:\/\/farmaciacarreras.es\/es\/#\/schema\/person\/a26767c0fd5bef20f52747a752a0ed37\",\"name\":\"adminfc\",\"image\":{\"@type\":\"ImageObject\",\"inLanguage\":\"ca\",\"@id\":\"https:\/\/farmaciacarreras.es\/es\/#\/schema\/person\/image\/\",\"url\":\"https:\/\/secure.gravatar.com\/avatar\/0206c1aebccc91e6241919d6b352c8fb?s=96&d=mm&r=g\",\"contentUrl\":\"https:\/\/secure.gravatar.com\/avatar\/0206c1aebccc91e6241919d6b352c8fb?s=96&d=mm&r=g\",\"caption\":\"adminfc\"}}]}<\/script>\n<!-- \/ Yoast SEO plugin. -->","yoast_head_json":{"title":"Els problemes de Salut per Medicaments i la c\u00e0rrega que suposen pels pacients i pel nostre sistema sanitari - Farmacia Dr.Carreras","robots":{"index":"noindex","follow":"follow"},"og_locale":"ca_ES","og_type":"article","og_title":"Els problemes de Salut per Medicaments i la c\u00e0rrega que suposen pels pacients i pel nostre sistema sanitari - Farmacia Dr.Carreras","og_url":"https:\/\/farmaciacarreras.es\/ca\/els-problemes-de-salut-per-medicaments-i-la-carrega-que-suposen-pels-pacients-i-pel-nostre-sistema-sanitari\/","og_site_name":"Farmacia Dr.Carreras","article_published_time":"2022-05-31T16:23:14+00:00","article_modified_time":"2022-06-22T07:18:32+00:00","og_image":[{"width":1500,"height":400,"url":"https:\/\/farmaciacarreras.es\/wp-content\/uploads\/2021\/09\/CABECERA-PARTICULAR.jpg","type":"image\/jpeg"}],"author":"adminfc","twitter_card":"summary_large_image","twitter_misc":{"Escrit per":"adminfc","Temps estimat de lectura":"11 minuts"},"schema":{"@context":"https:\/\/schema.org","@graph":[{"@type":"Article","@id":"https:\/\/farmaciacarreras.es\/ca\/els-problemes-de-salut-per-medicaments-i-la-carrega-que-suposen-pels-pacients-i-pel-nostre-sistema-sanitari\/#article","isPartOf":{"@id":"https:\/\/farmaciacarreras.es\/ca\/els-problemes-de-salut-per-medicaments-i-la-carrega-que-suposen-pels-pacients-i-pel-nostre-sistema-sanitari\/"},"author":{"name":"adminfc","@id":"https:\/\/farmaciacarreras.es\/es\/#\/schema\/person\/a26767c0fd5bef20f52747a752a0ed37"},"headline":"Els problemes de Salut per Medicaments i la c\u00e0rrega que suposen pels pacients i pel nostre sistema sanitari","datePublished":"2022-05-31T16:23:14+00:00","dateModified":"2022-06-22T07:18:32+00:00","mainEntityOfPage":{"@id":"https:\/\/farmaciacarreras.es\/ca\/els-problemes-de-salut-per-medicaments-i-la-carrega-que-suposen-pels-pacients-i-pel-nostre-sistema-sanitari\/"},"wordCount":2296,"commentCount":0,"publisher":{"@id":"https:\/\/farmaciacarreras.es\/es\/#organization"},"inLanguage":"ca","potentialAction":[{"@type":"CommentAction","name":"Comment","target":["https:\/\/farmaciacarreras.es\/ca\/els-problemes-de-salut-per-medicaments-i-la-carrega-que-suposen-pels-pacients-i-pel-nostre-sistema-sanitari\/#respond"]}]},{"@type":"WebPage","@id":"https:\/\/farmaciacarreras.es\/ca\/els-problemes-de-salut-per-medicaments-i-la-carrega-que-suposen-pels-pacients-i-pel-nostre-sistema-sanitari\/","url":"https:\/\/farmaciacarreras.es\/ca\/els-problemes-de-salut-per-medicaments-i-la-carrega-que-suposen-pels-pacients-i-pel-nostre-sistema-sanitari\/","name":"Els problemes de Salut per Medicaments i la c\u00e0rrega que suposen pels pacients i pel nostre sistema sanitari - Farmacia Dr.Carreras","isPartOf":{"@id":"https:\/\/farmaciacarreras.es\/es\/#website"},"datePublished":"2022-05-31T16:23:14+00:00","dateModified":"2022-06-22T07:18:32+00:00","breadcrumb":{"@id":"https:\/\/farmaciacarreras.es\/ca\/els-problemes-de-salut-per-medicaments-i-la-carrega-que-suposen-pels-pacients-i-pel-nostre-sistema-sanitari\/#breadcrumb"},"inLanguage":"ca","potentialAction":[{"@type":"ReadAction","target":["https:\/\/farmaciacarreras.es\/ca\/els-problemes-de-salut-per-medicaments-i-la-carrega-que-suposen-pels-pacients-i-pel-nostre-sistema-sanitari\/"]}]},{"@type":"BreadcrumbList","@id":"https:\/\/farmaciacarreras.es\/ca\/els-problemes-de-salut-per-medicaments-i-la-carrega-que-suposen-pels-pacients-i-pel-nostre-sistema-sanitari\/#breadcrumb","itemListElement":[{"@type":"ListItem","position":1,"name":"Portada","item":"https:\/\/farmaciacarreras.es\/ca\/"},{"@type":"ListItem","position":2,"name":"Els problemes de Salut per Medicaments i la c\u00e0rrega que suposen pels pacients i pel nostre sistema sanitari"}]},{"@type":"WebSite","@id":"https:\/\/farmaciacarreras.es\/es\/#website","url":"https:\/\/farmaciacarreras.es\/es\/","name":"Farmacia Dr.Carreras","description":"FARMACIA DR. CARRERAS. Elaboraci\u00f3n y control de medicamentos. Tel 93 318 70 99 Fax 93 412 32 32. Carrer Hospital, 14 - 08001 Barcelona.","publisher":{"@id":"https:\/\/farmaciacarreras.es\/es\/#organization"},"potentialAction":[{"@type":"SearchAction","target":{"@type":"EntryPoint","urlTemplate":"https:\/\/farmaciacarreras.es\/es\/?s={search_term_string}"},"query-input":"required name=search_term_string"}],"inLanguage":"ca"},{"@type":"Organization","@id":"https:\/\/farmaciacarreras.es\/es\/#organization","name":"Farmacia Dr. Carreras","url":"https:\/\/farmaciacarreras.es\/es\/","logo":{"@type":"ImageObject","inLanguage":"ca","@id":"https:\/\/farmaciacarreras.es\/es\/#\/schema\/logo\/image\/","url":"https:\/\/farmaciacarreras.es\/wp-content\/uploads\/2015\/12\/LOGO-Texto-Home.jpg","contentUrl":"https:\/\/farmaciacarreras.es\/wp-content\/uploads\/2015\/12\/LOGO-Texto-Home.jpg","width":120,"height":138,"caption":"Farmacia Dr. Carreras"},"image":{"@id":"https:\/\/farmaciacarreras.es\/es\/#\/schema\/logo\/image\/"}},{"@type":"Person","@id":"https:\/\/farmaciacarreras.es\/es\/#\/schema\/person\/a26767c0fd5bef20f52747a752a0ed37","name":"adminfc","image":{"@type":"ImageObject","inLanguage":"ca","@id":"https:\/\/farmaciacarreras.es\/es\/#\/schema\/person\/image\/","url":"https:\/\/secure.gravatar.com\/avatar\/0206c1aebccc91e6241919d6b352c8fb?s=96&d=mm&r=g","contentUrl":"https:\/\/secure.gravatar.com\/avatar\/0206c1aebccc91e6241919d6b352c8fb?s=96&d=mm&r=g","caption":"adminfc"}}]}},"_links":{"self":[{"href":"https:\/\/farmaciacarreras.es\/ca\/wp-json\/wp\/v2\/posts\/1656"}],"collection":[{"href":"https:\/\/farmaciacarreras.es\/ca\/wp-json\/wp\/v2\/posts"}],"about":[{"href":"https:\/\/farmaciacarreras.es\/ca\/wp-json\/wp\/v2\/types\/post"}],"author":[{"embeddable":true,"href":"https:\/\/farmaciacarreras.es\/ca\/wp-json\/wp\/v2\/users\/1"}],"replies":[{"embeddable":true,"href":"https:\/\/farmaciacarreras.es\/ca\/wp-json\/wp\/v2\/comments?post=1656"}],"version-history":[{"count":8,"href":"https:\/\/farmaciacarreras.es\/ca\/wp-json\/wp\/v2\/posts\/1656\/revisions"}],"predecessor-version":[{"id":1688,"href":"https:\/\/farmaciacarreras.es\/ca\/wp-json\/wp\/v2\/posts\/1656\/revisions\/1688"}],"wp:featuredmedia":[{"embeddable":true,"href":"https:\/\/farmaciacarreras.es\/ca\/wp-json\/wp\/v2\/media\/1594"}],"wp:attachment":[{"href":"https:\/\/farmaciacarreras.es\/ca\/wp-json\/wp\/v2\/media?parent=1656"}],"wp:term":[{"taxonomy":"category","embeddable":true,"href":"https:\/\/farmaciacarreras.es\/ca\/wp-json\/wp\/v2\/categories?post=1656"},{"taxonomy":"post_tag","embeddable":true,"href":"https:\/\/farmaciacarreras.es\/ca\/wp-json\/wp\/v2\/tags?post=1656"}],"curies":[{"name":"wp","href":"https:\/\/api.w.org\/{rel}","templated":true}]}}