{"id":1805,"date":"2025-08-05T08:36:54","date_gmt":"2025-08-05T08:36:54","guid":{"rendered":"https:\/\/farmaciacarreras.es\/la-reticencia-a-les-vacunacions-un-repte-per-a-la-salut-global\/"},"modified":"2025-08-05T08:40:11","modified_gmt":"2025-08-05T08:40:11","slug":"la-reticencia-a-les-vacunacions-un-repte-per-a-la-salut-global","status":"publish","type":"post","link":"https:\/\/farmaciacarreras.es\/ca\/la-reticencia-a-les-vacunacions-un-repte-per-a-la-salut-global\/","title":{"rendered":"LA RETIC\u00c8NCIA A LES VACUNACIONS: Un repte per a la salut global"},"content":{"rendered":"<div class=\"fusion-fullwidth fullwidth-box fusion-builder-row-1 nonhundred-percent-fullwidth non-hundred-percent-height-scrolling\" style=\"background-color: rgba(255,255,255,0);background-position: left top;background-repeat: no-repeat;padding-top:100px;padding-right:0px;padding-bottom:100px;padding-left:0px;margin-bottom: 0px;margin-top: 0px;border-width: 0px 0px 0px 0px;border-color:#eae9e9;border-style:solid;\" ><div class=\"fusion-builder-row fusion-row\"><div class=\"fusion-layout-column fusion_builder_column fusion-builder-column-0 fusion_builder_column_1_1 1_1 fusion-one-full fusion-column-first fusion-column-last\" style=\"margin-top:0px;margin-bottom:30px;\"><div class=\"fusion-column-wrapper fusion-flex-column-wrapper-legacy\" style=\"background-position:left top;background-repeat:no-repeat;-webkit-background-size:cover;-moz-background-size:cover;-o-background-size:cover;background-size:cover;background-color:#ffffff;border-width: 0px 0px 0px 0px;border-color:#dddddd;border-style:solid;padding: 0px 0px 0px 0px;\"><div class=\"fusion-text fusion-text-1\"><p>Les vacunes, juntament amb el subministrament d\u2019aigua potable, representen un dels majors \u00e8xits de salut p\u00fablica a la hist\u00f2ria de la humanitat. Han contribu\u00eft de manera decisiva a la reducci\u00f3 de la mortalitat i la morbiditat infantil a escala global. L&#8217;\u00e8xit de les estrat\u00e8gies de vacunaci\u00f3 dep\u00e8n, en bona part, de les percepcions de la poblaci\u00f3 sobre els beneficis i els riscos associats. Cal un millor coneixement de les preocupacions p\u00fabliques sobre les vacunes i dels motius que les impulsen per desenvolupar estrat\u00e8gies i comunicacions m\u00e9s efectives.<\/p>\n<p>La retic\u00e8ncia envers les vacunes pot ser espec\u00edfica del pa\u00eds, la malaltia i el tipus de vacuna. Els motius poden ser diversos: la desinformaci\u00f3 a les xarxes socials, la desconfian\u00e7a cap als professionals sanitaris, les preocupacions sobre els efectes secundaris, les narratives de conspiraci\u00f3 i els problemes de disponibilitat o accessibilitat.<\/p>\n<p>Context hist\u00f2ric de l\u2019activisme anti-vacunes<br \/>\nL\u2019oposici\u00f3 a la vacunaci\u00f3 no \u00e9s nova. Ja al segle XVIII, amb la introducci\u00f3 de la vacuna contra la verola, van sorgir moviments contraris, sovint liderats per professionals sanitaris. Despr\u00e9s d\u2019una relativa calma durant el segle XX, els anys 70 i 80 van veure un ressorgiment del moviment anti-vacunes, especialment arran de la vacuna de la tos ferina. El punt d\u2019inflexi\u00f3, per\u00f2, es produeix l\u2019any 1998 amb la publicaci\u00f3 fraudulenta de l\u2019estudi d\u2019Andrew Wakefield a The Lancet, que vinculava falsament la vacuna contra el xarampi\u00f3 amb l\u2019autisme.<\/p>\n<p>Amb l\u2019arribada del segle XXI, els moviments contraris a les vacunes han sabut aprofitar les xarxes socials i altres canals digitals per difondre missatges de desinformaci\u00f3 i crear comunitats de desconfian\u00e7a envers la ci\u00e8ncia i les institucions sanit\u00e0ries. L\u2019Organitzaci\u00f3 Mundial de la Salut (OMS) defineix la retic\u00e8ncia vacunal com: &#8220;el retard en l\u2019acceptaci\u00f3 o la negativa a vacunar-se tot i la disponibilitat dels serveis de vacunaci\u00f3&#8221;, i la classifica com una de les deu principals amenaces per a la salut global.<\/p>\n<p>Principals determinants de la retic\u00e8ncia vacunal inclouen:<br \/>\n1. Influ\u00e8ncies contextuals: factors socioecon\u00f2mics, religiosos, pol\u00edtics, culturals i medi\u00e0tics, aix\u00ed com la confian\u00e7a en les autoritats.<br \/>\n2. Influ\u00e8ncies individuals i grupals: experi\u00e8ncies personals, creences en salut, coneixements sobre les vacunes i confian\u00e7a en el sistema sanitari.<br \/>\n3. Factors relacionats amb la vacuna: tipus de vacuna, mode d\u2019administraci\u00f3, calendari vacunal i recomanaci\u00f3 professional.<\/p>\n<p>Aquestes variables poden tenir un impacte positiu o negatiu en l\u2019actitud davant la vacunaci\u00f3 i, per tant, han de ser abordades amb estrat\u00e8gies espec\u00edfiques. La majoria de persones reticents no rebutgen totalment les vacunes, sin\u00f3 que presenten dubtes o vacil\u00b7lacions, i per tant, les seves actituds poden ser modificables. 4<\/p>\n<p>Estudis recents indiquen que la retic\u00e8ncia afecta un 20% dels pares de nens menors de 6 anys a escala global, tot i que el rebuig total \u00e9s inferior al 3%. 5 Aquestes dades posen de manifest la import\u00e0ncia de desenvolupar estrat\u00e8gies de comunicaci\u00f3 personalitzades i contextualitzades.<\/p>\n<p>L\u2019exist\u00e8ncia de bosses de poblaci\u00f3 amb cobertura vacunal insuficient pot provocar brots epid\u00e8mics, fins i tot en pa\u00efsos que tenen altes cobertures de vacunaci\u00f3 perqu\u00e8 cap vacuna t\u00e9 una efectivitat del 100%. Per aquest motiu, es recomana la vigil\u00e0ncia geo-espacial per identificar \u00e0rees de risc i intervenir de manera proactiva.<\/p>\n<p>Entre les estrat\u00e8gies per millorar l\u2019acceptaci\u00f3 de les vacunes destaquen:<br \/>\n1.El paper clau dels professionals sanitaris:<br \/>\nEls professionals de la salut s\u00f3n la font d\u2019informaci\u00f3 m\u00e9s fiable. Una recomanaci\u00f3 ferma i emp\u00e0tica pot ser determinant per incrementar l\u2019acceptaci\u00f3 vacunal d\u2019una gran part de la poblaci\u00f3. Cal formar els professionals perqu\u00e8 responguin amb rigor cient\u00edfic a dubtes, mites i desinformaci\u00f3, mitjan\u00e7ant una comunicaci\u00f3 basada en l\u2019escolta activa.<br \/>\n2. Les intervencions individuals:<br \/>\nAplicacions m\u00f2bils, missatges personalitzats i eines interactives poden millorar el coneixement, les actituds i les creences sobre les vacunes, especialment en poblacions amb dubtes moderats.<\/p>\n<p>La comunicaci\u00f3 poblacional i de salut p\u00fablica:<\/p>\n<p>A m\u00e9s de campanyes massives, recordatoris autom\u00e0tics via SMS, correu electr\u00f2nic o tel\u00e8fon han demostrat ser \u00fatils per augmentar la cobertura de vacunaci\u00f3. Paral\u00b7lelament, cal combatre activament la desinformaci\u00f3, que sovint es propaga amb m\u00e9s for\u00e7a que la informaci\u00f3 vera\u00e7, amb estrat\u00e8gies fonamentades en l\u2019evid\u00e8ncia cient\u00edfica.<\/p>\n<p>Riscos futurs i escenaris de predicci\u00f3<br \/>\nL&#8217;impacte de la no adher\u00e8ncia a la vacunaci\u00f3 va molt m\u00e9s enll\u00e0 de la salut de la poblaci\u00f3, ja que tamb\u00e9 representa una c\u00e0rrega per als sistemes sanitaris, l&#8217;economia i la salut p\u00fablica global. Un estudi fet als EEUU per investigadors de la Universitat de Stanford adverteix, 7 mitjan\u00e7ant models predictius, que una disminuci\u00f3 del 10% en la vacunaci\u00f3 amb la vacuna triple v\u00edrica podria provocar el retorn del xarampi\u00f3 com a malaltia end\u00e8mica en nom\u00e9s 5 anys, i de la rub\u00e8ola en 18 anys. Aquest escenari posa de manifest la necessitat urgent de preservar i millorar els programes de vacunaci\u00f3, especialment en un context de desinformaci\u00f3 creixent, crisi humanit\u00e0ria i tensions pol\u00edtiques.<\/p>\n<p>Conclusions i posicionament<\/p>\n<p>La Reial Acad\u00e8mia de Farm\u00e0cia de Catalunya manifesta la seva preocupaci\u00f3 per la retic\u00e8ncia vacunal, que posa en risc les fites assolides amb gran esfor\u00e7 per part de la comunitat cient\u00edfica i sanit\u00e0ria internacional. Tanmateix, la Instituci\u00f3 expressa el seu ferm comprom\u00eds amb la promoci\u00f3 de la vacunaci\u00f3 com a eina essencial per mantenir la salut p\u00fablica, i recomana:<br \/>\n\u2022 Refor\u00e7ar la formaci\u00f3 dels professionals sanitaris en mat\u00e8ria de vacunaci\u00f3 i comunicaci\u00f3.<br \/>\n\u2022 Impulsar estrat\u00e8gies de comunicaci\u00f3 poblacional contrastades i basades en l\u2019evid\u00e8ncia cient\u00edfica.<br \/>\n\u2022 Combatre activament la desinformaci\u00f3 mitjan\u00e7ant campanyes coordinades entre institucions sanit\u00e0ries, educatives i cient\u00edfiques.<br \/>\n\u2022 Mantenir la vigil\u00e0ncia epidemiol\u00f2gica per identificar \u00e0rees de risc i prevenir brots.<\/p>\n<p>La Reial Acad\u00e8mia de Farm\u00e0cia de Catalunya recorda el paper dels farmac\u00e8utics en el desenvolupament, la promoci\u00f3, la sensibilitzaci\u00f3 i l&#8217;assessorament sobre la vacunaci\u00f3, contribuint a l\u2019eliminaci\u00f3 d\u2019obstacles que impedeixin augmentar les cobertures actuals.<\/p>\n<p>Finalment, la Reial Acad\u00e8mia de Farm\u00e0cia de Catalunya fa una crida a la societat per tal que continu\u00ef confiant en la ci\u00e8ncia i les vacunes com a eina segura, efica\u00e7 i essencial per protegir la salut col\u00b7lectiva.<\/p>\n<p>Cal incrementar el finan\u00e7ament i aprofundir en la investigaci\u00f3 de les barreres actitudinals enfront de la vacunaci\u00f3 perqu\u00e8 les vacunes per si soles no salven vides; s\u00f3n les vacunacions que ho fan possible.<\/p>\n<p>Barcelona, juliol de 2025<\/p>\n<p>Reial Acad\u00e8mia de Farm\u00e0cia de Catalunya<\/p>\n<p>Refer\u00e8ncies bibliogr\u00e0fiques:<br \/>\n1. World Health Organization. Ten threats to global health in 2019. Geneva: WHO; 2019 [consulta 2025 Jun 26]. Disponible a: https:\/\/www.who.int\/news-room\/spotlight\/ten-threats-to-global-health-in-2019<br \/>\n2. MacDonald NE. Vaccine hesitancy: Definition, scope and determinants. Vaccine. 2015;33(34):4161-4.<br \/>\n3. Wakefield AJ, Murch SH, Anthony A, Linnell J, Casson DM, Malik M, et al. Ileal-lymphoid-nodular hyperplasia, non-specific colitis, and pervasive developmental disorder in children. Lancet. 1998;351(9103):637\u201341. Retraction in: Lancet. 2010;375(9713):445.<br \/>\n4. Xu Z. Personal stories matter: topic evolution and popularity among pro- and anti-vaccine online articles. J Comput Soc Sc. 2019;2(2):207\u201320.<br \/>\n5. Abenova M, Shaltynov A, Jamedinova U, Semenova Y. Worldwide child routine vaccination hesitancy rate among parents of children aged 0\u20136 years: A systematic review and meta-analysis of cross-sectional studies. Vaccines. 2024;12 (1): 31.<br \/>\n6. O\u2019leary ST, Opel DJ, Cataldi JR, Hackell JM, Campbell JD, et al. Strategies for improving vaccine communication and uptake. Pediatrics. 2024;153(3): e2023065483.<br \/>\n7. Kiang MV, Bubar KM, Maldonado Y, Hotez PJ, Lo NC. Modeling reemergence of vaccine-eliminated infectious diseases under declining vaccination in the US. JAMA 2025;333(24):2176-87.<\/p>\n<\/div><div class=\"fusion-clearfix\"><\/div><\/div><\/div><\/div><\/div>\n","protected":false},"excerpt":{"rendered":"","protected":false},"author":1,"featured_media":1594,"comment_status":"open","ping_status":"open","sticky":false,"template":"","format":"standard","meta":{"footnotes":""},"categories":[34,35,36],"tags":[],"yoast_head":"<!-- This site is optimized with the Yoast SEO plugin v21.0 - https:\/\/yoast.com\/wordpress\/plugins\/seo\/ -->\n<title>LA RETIC\u00c8NCIA A LES VACUNACIONS: Un repte per a la salut global - Farmacia Dr.Carreras<\/title>\n<meta name=\"robots\" content=\"noindex, follow\" \/>\n<meta property=\"og:locale\" content=\"ca_ES\" \/>\n<meta property=\"og:type\" content=\"article\" \/>\n<meta property=\"og:title\" content=\"LA RETIC\u00c8NCIA A LES VACUNACIONS: Un repte per a la salut global - Farmacia Dr.Carreras\" \/>\n<meta property=\"og:url\" content=\"https:\/\/farmaciacarreras.es\/ca\/la-reticencia-a-les-vacunacions-un-repte-per-a-la-salut-global\/\" \/>\n<meta property=\"og:site_name\" content=\"Farmacia Dr.Carreras\" \/>\n<meta property=\"article:published_time\" content=\"2025-08-05T08:36:54+00:00\" \/>\n<meta property=\"article:modified_time\" content=\"2025-08-05T08:40:11+00:00\" \/>\n<meta property=\"og:image\" content=\"https:\/\/farmaciacarreras.es\/wp-content\/uploads\/2021\/09\/CABECERA-PARTICULAR.jpg\" \/>\n\t<meta property=\"og:image:width\" content=\"1500\" \/>\n\t<meta property=\"og:image:height\" content=\"400\" \/>\n\t<meta property=\"og:image:type\" content=\"image\/jpeg\" \/>\n<meta name=\"author\" content=\"adminfc\" \/>\n<meta name=\"twitter:card\" content=\"summary_large_image\" \/>\n<meta name=\"twitter:label1\" content=\"Escrit per\" \/>\n\t<meta name=\"twitter:data1\" content=\"adminfc\" \/>\n\t<meta name=\"twitter:label2\" content=\"Temps estimat de lectura\" \/>\n\t<meta name=\"twitter:data2\" content=\"10 minuts\" \/>\n<script type=\"application\/ld+json\" class=\"yoast-schema-graph\">{\"@context\":\"https:\/\/schema.org\",\"@graph\":[{\"@type\":\"Article\",\"@id\":\"https:\/\/farmaciacarreras.es\/ca\/la-reticencia-a-les-vacunacions-un-repte-per-a-la-salut-global\/#article\",\"isPartOf\":{\"@id\":\"https:\/\/farmaciacarreras.es\/ca\/la-reticencia-a-les-vacunacions-un-repte-per-a-la-salut-global\/\"},\"author\":{\"name\":\"adminfc\",\"@id\":\"https:\/\/farmaciacarreras.es\/es\/#\/schema\/person\/a26767c0fd5bef20f52747a752a0ed37\"},\"headline\":\"LA RETIC\u00c8NCIA A LES VACUNACIONS: Un repte per a la salut global\",\"datePublished\":\"2025-08-05T08:36:54+00:00\",\"dateModified\":\"2025-08-05T08:40:11+00:00\",\"mainEntityOfPage\":{\"@id\":\"https:\/\/farmaciacarreras.es\/ca\/la-reticencia-a-les-vacunacions-un-repte-per-a-la-salut-global\/\"},\"wordCount\":1946,\"commentCount\":0,\"publisher\":{\"@id\":\"https:\/\/farmaciacarreras.es\/es\/#organization\"},\"articleSection\":[\"Health\",\"Seniors\",\"Wellness\"],\"inLanguage\":\"ca\",\"potentialAction\":[{\"@type\":\"CommentAction\",\"name\":\"Comment\",\"target\":[\"https:\/\/farmaciacarreras.es\/ca\/la-reticencia-a-les-vacunacions-un-repte-per-a-la-salut-global\/#respond\"]}]},{\"@type\":\"WebPage\",\"@id\":\"https:\/\/farmaciacarreras.es\/ca\/la-reticencia-a-les-vacunacions-un-repte-per-a-la-salut-global\/\",\"url\":\"https:\/\/farmaciacarreras.es\/ca\/la-reticencia-a-les-vacunacions-un-repte-per-a-la-salut-global\/\",\"name\":\"LA RETIC\u00c8NCIA A LES VACUNACIONS: Un repte per a la salut global - Farmacia Dr.Carreras\",\"isPartOf\":{\"@id\":\"https:\/\/farmaciacarreras.es\/es\/#website\"},\"datePublished\":\"2025-08-05T08:36:54+00:00\",\"dateModified\":\"2025-08-05T08:40:11+00:00\",\"breadcrumb\":{\"@id\":\"https:\/\/farmaciacarreras.es\/ca\/la-reticencia-a-les-vacunacions-un-repte-per-a-la-salut-global\/#breadcrumb\"},\"inLanguage\":\"ca\",\"potentialAction\":[{\"@type\":\"ReadAction\",\"target\":[\"https:\/\/farmaciacarreras.es\/ca\/la-reticencia-a-les-vacunacions-un-repte-per-a-la-salut-global\/\"]}]},{\"@type\":\"BreadcrumbList\",\"@id\":\"https:\/\/farmaciacarreras.es\/ca\/la-reticencia-a-les-vacunacions-un-repte-per-a-la-salut-global\/#breadcrumb\",\"itemListElement\":[{\"@type\":\"ListItem\",\"position\":1,\"name\":\"Portada\",\"item\":\"https:\/\/farmaciacarreras.es\/ca\/\"},{\"@type\":\"ListItem\",\"position\":2,\"name\":\"LA RETIC\u00c8NCIA A LES VACUNACIONS: Un repte per a la salut global\"}]},{\"@type\":\"WebSite\",\"@id\":\"https:\/\/farmaciacarreras.es\/es\/#website\",\"url\":\"https:\/\/farmaciacarreras.es\/es\/\",\"name\":\"Farmacia Dr.Carreras\",\"description\":\"FARMACIA DR. CARRERAS. Elaboraci\u00f3n y control de medicamentos. Tel 93 318 70 99 Fax 93 412 32 32. Carrer Hospital, 14 - 08001 Barcelona.\",\"publisher\":{\"@id\":\"https:\/\/farmaciacarreras.es\/es\/#organization\"},\"potentialAction\":[{\"@type\":\"SearchAction\",\"target\":{\"@type\":\"EntryPoint\",\"urlTemplate\":\"https:\/\/farmaciacarreras.es\/es\/?s={search_term_string}\"},\"query-input\":\"required name=search_term_string\"}],\"inLanguage\":\"ca\"},{\"@type\":\"Organization\",\"@id\":\"https:\/\/farmaciacarreras.es\/es\/#organization\",\"name\":\"Farmacia Dr. Carreras\",\"url\":\"https:\/\/farmaciacarreras.es\/es\/\",\"logo\":{\"@type\":\"ImageObject\",\"inLanguage\":\"ca\",\"@id\":\"https:\/\/farmaciacarreras.es\/es\/#\/schema\/logo\/image\/\",\"url\":\"https:\/\/farmaciacarreras.es\/wp-content\/uploads\/2015\/12\/LOGO-Texto-Home.jpg\",\"contentUrl\":\"https:\/\/farmaciacarreras.es\/wp-content\/uploads\/2015\/12\/LOGO-Texto-Home.jpg\",\"width\":120,\"height\":138,\"caption\":\"Farmacia Dr. Carreras\"},\"image\":{\"@id\":\"https:\/\/farmaciacarreras.es\/es\/#\/schema\/logo\/image\/\"}},{\"@type\":\"Person\",\"@id\":\"https:\/\/farmaciacarreras.es\/es\/#\/schema\/person\/a26767c0fd5bef20f52747a752a0ed37\",\"name\":\"adminfc\",\"image\":{\"@type\":\"ImageObject\",\"inLanguage\":\"ca\",\"@id\":\"https:\/\/farmaciacarreras.es\/es\/#\/schema\/person\/image\/\",\"url\":\"https:\/\/secure.gravatar.com\/avatar\/0206c1aebccc91e6241919d6b352c8fb?s=96&d=mm&r=g\",\"contentUrl\":\"https:\/\/secure.gravatar.com\/avatar\/0206c1aebccc91e6241919d6b352c8fb?s=96&d=mm&r=g\",\"caption\":\"adminfc\"}}]}<\/script>\n<!-- \/ Yoast SEO plugin. -->","yoast_head_json":{"title":"LA RETIC\u00c8NCIA A LES VACUNACIONS: Un repte per a la salut global - Farmacia Dr.Carreras","robots":{"index":"noindex","follow":"follow"},"og_locale":"ca_ES","og_type":"article","og_title":"LA RETIC\u00c8NCIA A LES VACUNACIONS: Un repte per a la salut global - Farmacia Dr.Carreras","og_url":"https:\/\/farmaciacarreras.es\/ca\/la-reticencia-a-les-vacunacions-un-repte-per-a-la-salut-global\/","og_site_name":"Farmacia Dr.Carreras","article_published_time":"2025-08-05T08:36:54+00:00","article_modified_time":"2025-08-05T08:40:11+00:00","og_image":[{"width":1500,"height":400,"url":"https:\/\/farmaciacarreras.es\/wp-content\/uploads\/2021\/09\/CABECERA-PARTICULAR.jpg","type":"image\/jpeg"}],"author":"adminfc","twitter_card":"summary_large_image","twitter_misc":{"Escrit per":"adminfc","Temps estimat de lectura":"10 minuts"},"schema":{"@context":"https:\/\/schema.org","@graph":[{"@type":"Article","@id":"https:\/\/farmaciacarreras.es\/ca\/la-reticencia-a-les-vacunacions-un-repte-per-a-la-salut-global\/#article","isPartOf":{"@id":"https:\/\/farmaciacarreras.es\/ca\/la-reticencia-a-les-vacunacions-un-repte-per-a-la-salut-global\/"},"author":{"name":"adminfc","@id":"https:\/\/farmaciacarreras.es\/es\/#\/schema\/person\/a26767c0fd5bef20f52747a752a0ed37"},"headline":"LA RETIC\u00c8NCIA A LES VACUNACIONS: Un repte per a la salut global","datePublished":"2025-08-05T08:36:54+00:00","dateModified":"2025-08-05T08:40:11+00:00","mainEntityOfPage":{"@id":"https:\/\/farmaciacarreras.es\/ca\/la-reticencia-a-les-vacunacions-un-repte-per-a-la-salut-global\/"},"wordCount":1946,"commentCount":0,"publisher":{"@id":"https:\/\/farmaciacarreras.es\/es\/#organization"},"articleSection":["Health","Seniors","Wellness"],"inLanguage":"ca","potentialAction":[{"@type":"CommentAction","name":"Comment","target":["https:\/\/farmaciacarreras.es\/ca\/la-reticencia-a-les-vacunacions-un-repte-per-a-la-salut-global\/#respond"]}]},{"@type":"WebPage","@id":"https:\/\/farmaciacarreras.es\/ca\/la-reticencia-a-les-vacunacions-un-repte-per-a-la-salut-global\/","url":"https:\/\/farmaciacarreras.es\/ca\/la-reticencia-a-les-vacunacions-un-repte-per-a-la-salut-global\/","name":"LA RETIC\u00c8NCIA A LES VACUNACIONS: Un repte per a la salut global - Farmacia Dr.Carreras","isPartOf":{"@id":"https:\/\/farmaciacarreras.es\/es\/#website"},"datePublished":"2025-08-05T08:36:54+00:00","dateModified":"2025-08-05T08:40:11+00:00","breadcrumb":{"@id":"https:\/\/farmaciacarreras.es\/ca\/la-reticencia-a-les-vacunacions-un-repte-per-a-la-salut-global\/#breadcrumb"},"inLanguage":"ca","potentialAction":[{"@type":"ReadAction","target":["https:\/\/farmaciacarreras.es\/ca\/la-reticencia-a-les-vacunacions-un-repte-per-a-la-salut-global\/"]}]},{"@type":"BreadcrumbList","@id":"https:\/\/farmaciacarreras.es\/ca\/la-reticencia-a-les-vacunacions-un-repte-per-a-la-salut-global\/#breadcrumb","itemListElement":[{"@type":"ListItem","position":1,"name":"Portada","item":"https:\/\/farmaciacarreras.es\/ca\/"},{"@type":"ListItem","position":2,"name":"LA RETIC\u00c8NCIA A LES VACUNACIONS: Un repte per a la salut global"}]},{"@type":"WebSite","@id":"https:\/\/farmaciacarreras.es\/es\/#website","url":"https:\/\/farmaciacarreras.es\/es\/","name":"Farmacia Dr.Carreras","description":"FARMACIA DR. CARRERAS. Elaboraci\u00f3n y control de medicamentos. Tel 93 318 70 99 Fax 93 412 32 32. Carrer Hospital, 14 - 08001 Barcelona.","publisher":{"@id":"https:\/\/farmaciacarreras.es\/es\/#organization"},"potentialAction":[{"@type":"SearchAction","target":{"@type":"EntryPoint","urlTemplate":"https:\/\/farmaciacarreras.es\/es\/?s={search_term_string}"},"query-input":"required name=search_term_string"}],"inLanguage":"ca"},{"@type":"Organization","@id":"https:\/\/farmaciacarreras.es\/es\/#organization","name":"Farmacia Dr. Carreras","url":"https:\/\/farmaciacarreras.es\/es\/","logo":{"@type":"ImageObject","inLanguage":"ca","@id":"https:\/\/farmaciacarreras.es\/es\/#\/schema\/logo\/image\/","url":"https:\/\/farmaciacarreras.es\/wp-content\/uploads\/2015\/12\/LOGO-Texto-Home.jpg","contentUrl":"https:\/\/farmaciacarreras.es\/wp-content\/uploads\/2015\/12\/LOGO-Texto-Home.jpg","width":120,"height":138,"caption":"Farmacia Dr. Carreras"},"image":{"@id":"https:\/\/farmaciacarreras.es\/es\/#\/schema\/logo\/image\/"}},{"@type":"Person","@id":"https:\/\/farmaciacarreras.es\/es\/#\/schema\/person\/a26767c0fd5bef20f52747a752a0ed37","name":"adminfc","image":{"@type":"ImageObject","inLanguage":"ca","@id":"https:\/\/farmaciacarreras.es\/es\/#\/schema\/person\/image\/","url":"https:\/\/secure.gravatar.com\/avatar\/0206c1aebccc91e6241919d6b352c8fb?s=96&d=mm&r=g","contentUrl":"https:\/\/secure.gravatar.com\/avatar\/0206c1aebccc91e6241919d6b352c8fb?s=96&d=mm&r=g","caption":"adminfc"}}]}},"_links":{"self":[{"href":"https:\/\/farmaciacarreras.es\/ca\/wp-json\/wp\/v2\/posts\/1805"}],"collection":[{"href":"https:\/\/farmaciacarreras.es\/ca\/wp-json\/wp\/v2\/posts"}],"about":[{"href":"https:\/\/farmaciacarreras.es\/ca\/wp-json\/wp\/v2\/types\/post"}],"author":[{"embeddable":true,"href":"https:\/\/farmaciacarreras.es\/ca\/wp-json\/wp\/v2\/users\/1"}],"replies":[{"embeddable":true,"href":"https:\/\/farmaciacarreras.es\/ca\/wp-json\/wp\/v2\/comments?post=1805"}],"version-history":[{"count":2,"href":"https:\/\/farmaciacarreras.es\/ca\/wp-json\/wp\/v2\/posts\/1805\/revisions"}],"predecessor-version":[{"id":1807,"href":"https:\/\/farmaciacarreras.es\/ca\/wp-json\/wp\/v2\/posts\/1805\/revisions\/1807"}],"wp:featuredmedia":[{"embeddable":true,"href":"https:\/\/farmaciacarreras.es\/ca\/wp-json\/wp\/v2\/media\/1594"}],"wp:attachment":[{"href":"https:\/\/farmaciacarreras.es\/ca\/wp-json\/wp\/v2\/media?parent=1805"}],"wp:term":[{"taxonomy":"category","embeddable":true,"href":"https:\/\/farmaciacarreras.es\/ca\/wp-json\/wp\/v2\/categories?post=1805"},{"taxonomy":"post_tag","embeddable":true,"href":"https:\/\/farmaciacarreras.es\/ca\/wp-json\/wp\/v2\/tags?post=1805"}],"curies":[{"name":"wp","href":"https:\/\/api.w.org\/{rel}","templated":true}]}}