{"id":1736,"date":"2023-12-03T20:10:50","date_gmt":"2023-12-03T20:10:50","guid":{"rendered":"https:\/\/farmaciacarreras.es\/?p=1736"},"modified":"2023-12-03T20:11:25","modified_gmt":"2023-12-03T20:11:25","slug":"las-claves-de-la-terapia-car-t-y-el-trabajo-multidisciplinario","status":"publish","type":"post","link":"https:\/\/farmaciacarreras.es\/es\/las-claves-de-la-terapia-car-t-y-el-trabajo-multidisciplinario\/","title":{"rendered":"Las claves de la terapia CAR-T y el trabajo multidisciplinario"},"content":{"rendered":"<div class=\"fusion-fullwidth fullwidth-box fusion-builder-row-1 nonhundred-percent-fullwidth non-hundred-percent-height-scrolling\" style=\"background-color: rgba(255,255,255,0);background-position: left top;background-repeat: no-repeat;padding-top:100px;padding-right:0px;padding-bottom:100px;padding-left:0px;margin-bottom: 0px;margin-top: 0px;border-width: 0px 0px 0px 0px;border-color:#eae9e9;border-style:solid;\" ><div class=\"fusion-builder-row fusion-row\"><div class=\"fusion-layout-column fusion_builder_column fusion-builder-column-0 fusion_builder_column_1_1 1_1 fusion-one-full fusion-column-first fusion-column-last\" style=\"margin-top:0px;margin-bottom:30px;\"><div class=\"fusion-column-wrapper fusion-flex-column-wrapper-legacy\" style=\"background-position:left top;background-repeat:no-repeat;-webkit-background-size:cover;-moz-background-size:cover;-o-background-size:cover;background-size:cover;background-color:#ffffff;border-width: 0px 0px 0px 0px;border-color:#dddddd;border-style:solid;padding: 0px 0px 0px 0px;\"><div class=\"fusion-text fusion-text-1\"><p>REAL ACADEMIA DE FARMACIA DE CATALU\u00d1A SESI\u00d3N DE LA SECCI\u00d3N VII FARMACIA ASISTENCIAL<\/p>\n<\/div><div class=\"fusion-align-block\"><style type=\"text\/css\">.fusion-button.button-1 {border-radius:2px;}<\/style><a class=\"fusion-button button-flat button-large button-default button-1 fusion-button-default-span fusion-button-default-type\" target=\"_self\" href=\"https:\/\/drive.google.com\/file\/d\/1wto2SnWWXxrNMKbw3vrC7PSDT47fJKGW\/view?usp=drive_link\"><i class=\"fa-film fas button-icon-left\" aria-hidden=\"true\"><\/i><span class=\"fusion-button-text\">Ver video<\/span><\/a><\/div><div class=\"fusion-clearfix\"><\/div><\/div><\/div><div class=\"fusion-layout-column fusion_builder_column fusion-builder-column-1 fusion_builder_column_1_3 1_3 fusion-one-third fusion-column-first\" style=\"width:33.333333333333%;width:calc(33.333333333333% - ( ( 4% + 4% ) * 0.33333333333333 ) );margin-right: 4%;margin-top:0px;margin-bottom:30px;\"><div class=\"fusion-column-wrapper fusion-flex-column-wrapper-legacy\" style=\"background-position:left top;background-repeat:no-repeat;-webkit-background-size:cover;-moz-background-size:cover;-o-background-size:cover;background-size:cover;padding: 0px 0px 0px 0px;\"><div class=\"fusion-text fusion-text-2\"><h4 style=\"text-align: left;\">PONENTE<\/h4>\n<\/div><div class=\"fusion-sep-clear\"><\/div><div class=\"fusion-separator fusion-full-width-sep\" style=\"margin-left: auto;margin-right: auto;margin-top:0px;margin-bottom:30px;width:100%;max-width:100%;\"><div class=\"fusion-separator-border sep-single sep-solid\" style=\"border-color:#3bafbf;border-top-width:2px;\"><\/div><\/div><div class=\"fusion-sep-clear\"><\/div><div class=\"fusion-text fusion-text-3\"><p><strong>\u201cTer\u00e0pia CAR: de la idea al pacient\u201d<\/strong><br \/>\n<strong>Dr. Javier Briones.<\/strong> Metge. Servei d\u2019Hematologia. Programa d\u2019Immunoter\u00e0pia i<br \/>\nTer\u00e0pia CART. Hospital de la Santa Creu i Sant Pau<\/p>\n<p><strong>\u201cPaper del farmac\u00e8utic en les ter\u00e0pies CAR\u201d<\/strong><br \/>\n<strong>Dra. Estela Moreno.<\/strong> Farmac\u00e8utica Adjunta. Servei de Farm\u00e0cia. Hospital de la<br \/>\nSanta Creu i Sant Pau<\/p>\n<p><strong>\u201cPaper de la infermera en les ter\u00e0pies CAR\u201d<\/strong><br \/>\n<strong>Sra. Iria Gonz\u00e1lez. Infermera.<\/strong> Project Manager Humanitzaci\u00f3. Oficina<br \/>\nd&#8217;Estrat\u00e8gia i Experi\u00e8ncia d&#8217;Usuari. Hospital de la Santa Creu i Sant Pau<\/p>\n<\/div><div class=\"fusion-clearfix\"><\/div><\/div><\/div><div class=\"fusion-layout-column fusion_builder_column fusion-builder-column-2 fusion_builder_column_1_3 1_3 fusion-one-third\" style=\"width:33.333333333333%;width:calc(33.333333333333% - ( ( 4% + 4% ) * 0.33333333333333 ) );margin-right: 4%;margin-top:0px;margin-bottom:30px;\"><div class=\"fusion-column-wrapper fusion-flex-column-wrapper-legacy\" style=\"background-position:left top;background-repeat:no-repeat;-webkit-background-size:cover;-moz-background-size:cover;-o-background-size:cover;background-size:cover;padding: 0px 0px 0px 0px;\"><div class=\"fusion-text fusion-text-4\"><h4 style=\"text-align: left;\">FECHA<\/h4>\n<\/div><div class=\"fusion-sep-clear\"><\/div><div class=\"fusion-separator fusion-full-width-sep\" style=\"margin-left: auto;margin-right: auto;margin-top:0px;margin-bottom:30px;width:100%;max-width:100%;\"><div class=\"fusion-separator-border sep-single sep-solid\" style=\"border-color:#3bafbf;border-top-width:2px;\"><\/div><\/div><div class=\"fusion-sep-clear\"><\/div><div class=\"fusion-text fusion-text-5\"><p><strong>30 de Noviembre, 2023<\/strong><br \/>\n18:30<\/p>\n<\/div><div class=\"fusion-clearfix\"><\/div><\/div><\/div><div class=\"fusion-layout-column fusion_builder_column fusion-builder-column-3 fusion_builder_column_1_3 1_3 fusion-one-third fusion-column-last\" style=\"width:33.333333333333%;width:calc(33.333333333333% - ( ( 4% + 4% ) * 0.33333333333333 ) );margin-top:0px;margin-bottom:30px;\"><div class=\"fusion-column-wrapper fusion-flex-column-wrapper-legacy\" style=\"background-position:left top;background-repeat:no-repeat;-webkit-background-size:cover;-moz-background-size:cover;-o-background-size:cover;background-size:cover;padding: 0px 0px 0px 0px;\"><div class=\"fusion-text fusion-text-6\"><h4 style=\"text-align: left;\">LUGAR<\/h4>\n<\/div><div class=\"fusion-sep-clear\"><\/div><div class=\"fusion-separator fusion-full-width-sep\" style=\"margin-left: auto;margin-right: auto;margin-top:0px;margin-bottom:30px;width:100%;max-width:100%;\"><div class=\"fusion-separator-border sep-single sep-solid\" style=\"border-color:#3bafbf;border-top-width:2px;\"><\/div><\/div><div class=\"fusion-sep-clear\"><\/div><div class=\"fusion-text fusion-text-7\"><p><strong>Real Academia de Farmacia de Catalu\u00f1a<\/strong><\/p>\n<\/div><div class=\"fusion-align-block\"><style type=\"text\/css\">.fusion-button.button-2 {border-radius:2px;}<\/style><a class=\"fusion-button button-flat button-medium button-default button-2 fusion-button-default-span fusion-button-default-type\" target=\"_blank\" rel=\"noopener noreferrer\" href=\"https:\/\/rafc.cat\/\"><span class=\"fusion-button-text\">Sitio web<\/span><\/a><\/div><div class=\"fusion-clearfix\"><\/div><\/div><\/div><\/div><\/div>\n","protected":false},"excerpt":{"rendered":"","protected":false},"author":1,"featured_media":1595,"comment_status":"open","ping_status":"open","sticky":false,"template":"","format":"standard","meta":{"footnotes":""},"categories":[3,6,7],"tags":[],"yoast_head":"<!-- This site is optimized with the Yoast SEO plugin v21.0 - https:\/\/yoast.com\/wordpress\/plugins\/seo\/ -->\n<title>Las claves de la terapia CAR-T y el trabajo multidisciplinario - Farmacia Dr.Carreras<\/title>\n<meta name=\"robots\" content=\"noindex, follow\" \/>\n<meta property=\"og:locale\" content=\"es_ES\" \/>\n<meta property=\"og:type\" content=\"article\" \/>\n<meta property=\"og:title\" content=\"Las claves de la terapia CAR-T y el trabajo multidisciplinario - Farmacia Dr.Carreras\" \/>\n<meta property=\"og:url\" content=\"https:\/\/farmaciacarreras.es\/es\/las-claves-de-la-terapia-car-t-y-el-trabajo-multidisciplinario\/\" \/>\n<meta property=\"og:site_name\" content=\"Farmacia Dr.Carreras\" \/>\n<meta property=\"article:published_time\" content=\"2023-12-03T20:10:50+00:00\" \/>\n<meta property=\"article:modified_time\" content=\"2023-12-03T20:11:25+00:00\" \/>\n<meta property=\"og:image\" content=\"https:\/\/farmaciacarreras.es\/wp-content\/uploads\/2021\/09\/CABECERA-PARTICULAR.jpg\" \/>\n\t<meta property=\"og:image:width\" content=\"1500\" \/>\n\t<meta property=\"og:image:height\" content=\"400\" \/>\n\t<meta property=\"og:image:type\" content=\"image\/jpeg\" \/>\n<meta name=\"author\" content=\"adminfc\" \/>\n<meta name=\"twitter:card\" content=\"summary_large_image\" \/>\n<meta name=\"twitter:label1\" content=\"Escrito por\" \/>\n\t<meta name=\"twitter:data1\" content=\"adminfc\" \/>\n\t<meta name=\"twitter:label2\" content=\"Tiempo de lectura\" \/>\n\t<meta name=\"twitter:data2\" content=\"11 minutos\" \/>\n<script type=\"application\/ld+json\" class=\"yoast-schema-graph\">{\"@context\":\"https:\/\/schema.org\",\"@graph\":[{\"@type\":\"Article\",\"@id\":\"https:\/\/farmaciacarreras.es\/es\/las-claves-de-la-terapia-car-t-y-el-trabajo-multidisciplinario\/#article\",\"isPartOf\":{\"@id\":\"https:\/\/farmaciacarreras.es\/es\/las-claves-de-la-terapia-car-t-y-el-trabajo-multidisciplinario\/\"},\"author\":{\"name\":\"adminfc\",\"@id\":\"https:\/\/farmaciacarreras.es\/es\/#\/schema\/person\/a26767c0fd5bef20f52747a752a0ed37\"},\"headline\":\"Las claves de la terapia CAR-T y el trabajo multidisciplinario\",\"datePublished\":\"2023-12-03T20:10:50+00:00\",\"dateModified\":\"2023-12-03T20:11:25+00:00\",\"mainEntityOfPage\":{\"@id\":\"https:\/\/farmaciacarreras.es\/es\/las-claves-de-la-terapia-car-t-y-el-trabajo-multidisciplinario\/\"},\"wordCount\":2171,\"commentCount\":0,\"publisher\":{\"@id\":\"https:\/\/farmaciacarreras.es\/es\/#organization\"},\"articleSection\":[\"Health\",\"Seniors\",\"Wellness\"],\"inLanguage\":\"es\",\"potentialAction\":[{\"@type\":\"CommentAction\",\"name\":\"Comment\",\"target\":[\"https:\/\/farmaciacarreras.es\/es\/las-claves-de-la-terapia-car-t-y-el-trabajo-multidisciplinario\/#respond\"]}]},{\"@type\":\"WebPage\",\"@id\":\"https:\/\/farmaciacarreras.es\/es\/las-claves-de-la-terapia-car-t-y-el-trabajo-multidisciplinario\/\",\"url\":\"https:\/\/farmaciacarreras.es\/es\/las-claves-de-la-terapia-car-t-y-el-trabajo-multidisciplinario\/\",\"name\":\"Las claves de la terapia CAR-T y el trabajo multidisciplinario - Farmacia Dr.Carreras\",\"isPartOf\":{\"@id\":\"https:\/\/farmaciacarreras.es\/es\/#website\"},\"datePublished\":\"2023-12-03T20:10:50+00:00\",\"dateModified\":\"2023-12-03T20:11:25+00:00\",\"breadcrumb\":{\"@id\":\"https:\/\/farmaciacarreras.es\/es\/las-claves-de-la-terapia-car-t-y-el-trabajo-multidisciplinario\/#breadcrumb\"},\"inLanguage\":\"es\",\"potentialAction\":[{\"@type\":\"ReadAction\",\"target\":[\"https:\/\/farmaciacarreras.es\/es\/las-claves-de-la-terapia-car-t-y-el-trabajo-multidisciplinario\/\"]}]},{\"@type\":\"BreadcrumbList\",\"@id\":\"https:\/\/farmaciacarreras.es\/es\/las-claves-de-la-terapia-car-t-y-el-trabajo-multidisciplinario\/#breadcrumb\",\"itemListElement\":[{\"@type\":\"ListItem\",\"position\":1,\"name\":\"Portada\",\"item\":\"https:\/\/farmaciacarreras.es\/es\/\"},{\"@type\":\"ListItem\",\"position\":2,\"name\":\"Las claves de la terapia CAR-T y el trabajo multidisciplinario\"}]},{\"@type\":\"WebSite\",\"@id\":\"https:\/\/farmaciacarreras.es\/es\/#website\",\"url\":\"https:\/\/farmaciacarreras.es\/es\/\",\"name\":\"Farmacia Dr.Carreras\",\"description\":\"FARMACIA DR. CARRERAS. Elaboraci\u00f3n y control de medicamentos. Tel 93 318 70 99 Fax 93 412 32 32. Carrer Hospital, 14 - 08001 Barcelona.\",\"publisher\":{\"@id\":\"https:\/\/farmaciacarreras.es\/es\/#organization\"},\"potentialAction\":[{\"@type\":\"SearchAction\",\"target\":{\"@type\":\"EntryPoint\",\"urlTemplate\":\"https:\/\/farmaciacarreras.es\/es\/?s={search_term_string}\"},\"query-input\":\"required name=search_term_string\"}],\"inLanguage\":\"es\"},{\"@type\":\"Organization\",\"@id\":\"https:\/\/farmaciacarreras.es\/es\/#organization\",\"name\":\"Farmacia Dr. Carreras\",\"url\":\"https:\/\/farmaciacarreras.es\/es\/\",\"logo\":{\"@type\":\"ImageObject\",\"inLanguage\":\"es\",\"@id\":\"https:\/\/farmaciacarreras.es\/es\/#\/schema\/logo\/image\/\",\"url\":\"https:\/\/farmaciacarreras.es\/wp-content\/uploads\/2015\/12\/LOGO-Texto-Home.jpg\",\"contentUrl\":\"https:\/\/farmaciacarreras.es\/wp-content\/uploads\/2015\/12\/LOGO-Texto-Home.jpg\",\"width\":120,\"height\":138,\"caption\":\"Farmacia Dr. Carreras\"},\"image\":{\"@id\":\"https:\/\/farmaciacarreras.es\/es\/#\/schema\/logo\/image\/\"}},{\"@type\":\"Person\",\"@id\":\"https:\/\/farmaciacarreras.es\/es\/#\/schema\/person\/a26767c0fd5bef20f52747a752a0ed37\",\"name\":\"adminfc\",\"image\":{\"@type\":\"ImageObject\",\"inLanguage\":\"es\",\"@id\":\"https:\/\/farmaciacarreras.es\/es\/#\/schema\/person\/image\/\",\"url\":\"https:\/\/secure.gravatar.com\/avatar\/0206c1aebccc91e6241919d6b352c8fb?s=96&d=mm&r=g\",\"contentUrl\":\"https:\/\/secure.gravatar.com\/avatar\/0206c1aebccc91e6241919d6b352c8fb?s=96&d=mm&r=g\",\"caption\":\"adminfc\"}}]}<\/script>\n<!-- \/ Yoast SEO plugin. -->","yoast_head_json":{"title":"Las claves de la terapia CAR-T y el trabajo multidisciplinario - Farmacia Dr.Carreras","robots":{"index":"noindex","follow":"follow"},"og_locale":"es_ES","og_type":"article","og_title":"Las claves de la terapia CAR-T y el trabajo multidisciplinario - Farmacia Dr.Carreras","og_url":"https:\/\/farmaciacarreras.es\/es\/las-claves-de-la-terapia-car-t-y-el-trabajo-multidisciplinario\/","og_site_name":"Farmacia Dr.Carreras","article_published_time":"2023-12-03T20:10:50+00:00","article_modified_time":"2023-12-03T20:11:25+00:00","og_image":[{"width":1500,"height":400,"url":"https:\/\/farmaciacarreras.es\/wp-content\/uploads\/2021\/09\/CABECERA-PARTICULAR.jpg","type":"image\/jpeg"}],"author":"adminfc","twitter_card":"summary_large_image","twitter_misc":{"Escrito por":"adminfc","Tiempo de lectura":"11 minutos"},"schema":{"@context":"https:\/\/schema.org","@graph":[{"@type":"Article","@id":"https:\/\/farmaciacarreras.es\/es\/las-claves-de-la-terapia-car-t-y-el-trabajo-multidisciplinario\/#article","isPartOf":{"@id":"https:\/\/farmaciacarreras.es\/es\/las-claves-de-la-terapia-car-t-y-el-trabajo-multidisciplinario\/"},"author":{"name":"adminfc","@id":"https:\/\/farmaciacarreras.es\/es\/#\/schema\/person\/a26767c0fd5bef20f52747a752a0ed37"},"headline":"Las claves de la terapia CAR-T y el trabajo multidisciplinario","datePublished":"2023-12-03T20:10:50+00:00","dateModified":"2023-12-03T20:11:25+00:00","mainEntityOfPage":{"@id":"https:\/\/farmaciacarreras.es\/es\/las-claves-de-la-terapia-car-t-y-el-trabajo-multidisciplinario\/"},"wordCount":2171,"commentCount":0,"publisher":{"@id":"https:\/\/farmaciacarreras.es\/es\/#organization"},"articleSection":["Health","Seniors","Wellness"],"inLanguage":"es","potentialAction":[{"@type":"CommentAction","name":"Comment","target":["https:\/\/farmaciacarreras.es\/es\/las-claves-de-la-terapia-car-t-y-el-trabajo-multidisciplinario\/#respond"]}]},{"@type":"WebPage","@id":"https:\/\/farmaciacarreras.es\/es\/las-claves-de-la-terapia-car-t-y-el-trabajo-multidisciplinario\/","url":"https:\/\/farmaciacarreras.es\/es\/las-claves-de-la-terapia-car-t-y-el-trabajo-multidisciplinario\/","name":"Las claves de la terapia CAR-T y el trabajo multidisciplinario - Farmacia Dr.Carreras","isPartOf":{"@id":"https:\/\/farmaciacarreras.es\/es\/#website"},"datePublished":"2023-12-03T20:10:50+00:00","dateModified":"2023-12-03T20:11:25+00:00","breadcrumb":{"@id":"https:\/\/farmaciacarreras.es\/es\/las-claves-de-la-terapia-car-t-y-el-trabajo-multidisciplinario\/#breadcrumb"},"inLanguage":"es","potentialAction":[{"@type":"ReadAction","target":["https:\/\/farmaciacarreras.es\/es\/las-claves-de-la-terapia-car-t-y-el-trabajo-multidisciplinario\/"]}]},{"@type":"BreadcrumbList","@id":"https:\/\/farmaciacarreras.es\/es\/las-claves-de-la-terapia-car-t-y-el-trabajo-multidisciplinario\/#breadcrumb","itemListElement":[{"@type":"ListItem","position":1,"name":"Portada","item":"https:\/\/farmaciacarreras.es\/es\/"},{"@type":"ListItem","position":2,"name":"Las claves de la terapia CAR-T y el trabajo multidisciplinario"}]},{"@type":"WebSite","@id":"https:\/\/farmaciacarreras.es\/es\/#website","url":"https:\/\/farmaciacarreras.es\/es\/","name":"Farmacia Dr.Carreras","description":"FARMACIA DR. CARRERAS. Elaboraci\u00f3n y control de medicamentos. Tel 93 318 70 99 Fax 93 412 32 32. Carrer Hospital, 14 - 08001 Barcelona.","publisher":{"@id":"https:\/\/farmaciacarreras.es\/es\/#organization"},"potentialAction":[{"@type":"SearchAction","target":{"@type":"EntryPoint","urlTemplate":"https:\/\/farmaciacarreras.es\/es\/?s={search_term_string}"},"query-input":"required name=search_term_string"}],"inLanguage":"es"},{"@type":"Organization","@id":"https:\/\/farmaciacarreras.es\/es\/#organization","name":"Farmacia Dr. Carreras","url":"https:\/\/farmaciacarreras.es\/es\/","logo":{"@type":"ImageObject","inLanguage":"es","@id":"https:\/\/farmaciacarreras.es\/es\/#\/schema\/logo\/image\/","url":"https:\/\/farmaciacarreras.es\/wp-content\/uploads\/2015\/12\/LOGO-Texto-Home.jpg","contentUrl":"https:\/\/farmaciacarreras.es\/wp-content\/uploads\/2015\/12\/LOGO-Texto-Home.jpg","width":120,"height":138,"caption":"Farmacia Dr. Carreras"},"image":{"@id":"https:\/\/farmaciacarreras.es\/es\/#\/schema\/logo\/image\/"}},{"@type":"Person","@id":"https:\/\/farmaciacarreras.es\/es\/#\/schema\/person\/a26767c0fd5bef20f52747a752a0ed37","name":"adminfc","image":{"@type":"ImageObject","inLanguage":"es","@id":"https:\/\/farmaciacarreras.es\/es\/#\/schema\/person\/image\/","url":"https:\/\/secure.gravatar.com\/avatar\/0206c1aebccc91e6241919d6b352c8fb?s=96&d=mm&r=g","contentUrl":"https:\/\/secure.gravatar.com\/avatar\/0206c1aebccc91e6241919d6b352c8fb?s=96&d=mm&r=g","caption":"adminfc"}}]}},"_links":{"self":[{"href":"https:\/\/farmaciacarreras.es\/es\/wp-json\/wp\/v2\/posts\/1736"}],"collection":[{"href":"https:\/\/farmaciacarreras.es\/es\/wp-json\/wp\/v2\/posts"}],"about":[{"href":"https:\/\/farmaciacarreras.es\/es\/wp-json\/wp\/v2\/types\/post"}],"author":[{"embeddable":true,"href":"https:\/\/farmaciacarreras.es\/es\/wp-json\/wp\/v2\/users\/1"}],"replies":[{"embeddable":true,"href":"https:\/\/farmaciacarreras.es\/es\/wp-json\/wp\/v2\/comments?post=1736"}],"version-history":[{"count":2,"href":"https:\/\/farmaciacarreras.es\/es\/wp-json\/wp\/v2\/posts\/1736\/revisions"}],"predecessor-version":[{"id":1738,"href":"https:\/\/farmaciacarreras.es\/es\/wp-json\/wp\/v2\/posts\/1736\/revisions\/1738"}],"wp:featuredmedia":[{"embeddable":true,"href":"https:\/\/farmaciacarreras.es\/es\/wp-json\/wp\/v2\/media\/1595"}],"wp:attachment":[{"href":"https:\/\/farmaciacarreras.es\/es\/wp-json\/wp\/v2\/media?parent=1736"}],"wp:term":[{"taxonomy":"category","embeddable":true,"href":"https:\/\/farmaciacarreras.es\/es\/wp-json\/wp\/v2\/categories?post=1736"},{"taxonomy":"post_tag","embeddable":true,"href":"https:\/\/farmaciacarreras.es\/es\/wp-json\/wp\/v2\/tags?post=1736"}],"curies":[{"name":"wp","href":"https:\/\/api.w.org\/{rel}","templated":true}]}}