{"id":1746,"date":"2024-05-24T07:16:08","date_gmt":"2024-05-24T07:16:08","guid":{"rendered":"https:\/\/farmaciacarreras.es\/?p=1746"},"modified":"2024-05-24T07:18:54","modified_gmt":"2024-05-24T07:18:54","slug":"ia-aplicada-a-salud-y-las-nuevas-perspectivas-en-el-ambito-de-la-farmacia-y-los-medicamentos","status":"publish","type":"post","link":"https:\/\/farmaciacarreras.es\/es\/ia-aplicada-a-salud-y-las-nuevas-perspectivas-en-el-ambito-de-la-farmacia-y-los-medicamentos\/","title":{"rendered":"IA aplicada a salud y las nuevas perspectivas en el \u00e1mbito de la Farmacia y los medicamentos"},"content":{"rendered":"<div class=\"fusion-fullwidth fullwidth-box fusion-builder-row-1 nonhundred-percent-fullwidth non-hundred-percent-height-scrolling\" style=\"background-color: rgba(255,255,255,0);background-position: left top;background-repeat: no-repeat;padding-top:100px;padding-right:0px;padding-bottom:100px;padding-left:0px;margin-bottom: 0px;margin-top: 0px;border-width: 0px 0px 0px 0px;border-color:#eae9e9;border-style:solid;\" ><div class=\"fusion-builder-row fusion-row\"><div class=\"fusion-layout-column fusion_builder_column fusion-builder-column-0 fusion_builder_column_1_1 1_1 fusion-one-full fusion-column-first fusion-column-last\" style=\"margin-top:0px;margin-bottom:30px;\"><div class=\"fusion-column-wrapper fusion-flex-column-wrapper-legacy\" style=\"background-position:left top;background-repeat:no-repeat;-webkit-background-size:cover;-moz-background-size:cover;-o-background-size:cover;background-size:cover;background-color:#ffffff;border-width: 0px 0px 0px 0px;border-color:#dddddd;border-style:solid;padding: 0px 0px 0px 0px;\"><div class=\"fusion-text fusion-text-1\"><p>\u00abEl pasado 13 de mayo de 2024, en el Sal\u00f3n de actas de esta Real Academia de Farmacia de Catalu\u00f1a, se celebr\u00f3 en Sesi\u00f3n P\u00fablica Extraordinaria una Mesa Redonda sobre: \u00abLA IA APLICADA A SALUD Y LAS NUEVAS PERSPECTIVAS EN El \u00c1MBITO DE LA FARMACIA Y LOS MEDICAMENTOS\u00bb<\/p>\n<\/div><div class=\"fusion-align-block\"><style type=\"text\/css\">.fusion-button.button-1 {border-radius:2px;}<\/style><a class=\"fusion-button button-flat button-large button-default button-1 fusion-button-default-span fusion-button-default-type\" target=\"_self\" href=\"https:\/\/drive.google.com\/file\/d\/11lUShnTgy8LLq44Q3BljuKS6qpgqMQau\/view?usp=drive_link\"><i class=\"fa-film fas button-icon-left\" aria-hidden=\"true\"><\/i><span class=\"fusion-button-text\">Ver video<\/span><\/a><\/div><div class=\"fusion-clearfix\"><\/div><\/div><\/div><div class=\"fusion-layout-column fusion_builder_column fusion-builder-column-1 fusion_builder_column_1_3 1_3 fusion-one-third fusion-column-first\" style=\"width:33.333333333333%;width:calc(33.333333333333% - ( ( 4% + 4% ) * 0.33333333333333 ) );margin-right: 4%;margin-top:0px;margin-bottom:30px;\"><div class=\"fusion-column-wrapper fusion-flex-column-wrapper-legacy\" style=\"background-position:left top;background-repeat:no-repeat;-webkit-background-size:cover;-moz-background-size:cover;-o-background-size:cover;background-size:cover;padding: 0px 0px 0px 0px;\"><div class=\"fusion-text fusion-text-2\"><h4 style=\"text-align: left;\">PONENTE<\/h4>\n<\/div><div class=\"fusion-sep-clear\"><\/div><div class=\"fusion-separator fusion-full-width-sep\" style=\"margin-left: auto;margin-right: auto;margin-top:0px;margin-bottom:30px;width:100%;max-width:100%;\"><div class=\"fusion-separator-border sep-single sep-solid\" style=\"border-color:#3bafbf;border-top-width:2px;\"><\/div><\/div><div class=\"fusion-sep-clear\"><\/div><div class=\"fusion-text fusion-text-3\"><p><b>Mesa redonda<\/b><\/p>\n<\/div><div class=\"fusion-clearfix\"><\/div><\/div><\/div><div class=\"fusion-layout-column fusion_builder_column fusion-builder-column-2 fusion_builder_column_1_3 1_3 fusion-one-third\" style=\"width:33.333333333333%;width:calc(33.333333333333% - ( ( 4% + 4% ) * 0.33333333333333 ) );margin-right: 4%;margin-top:0px;margin-bottom:30px;\"><div class=\"fusion-column-wrapper fusion-flex-column-wrapper-legacy\" style=\"background-position:left top;background-repeat:no-repeat;-webkit-background-size:cover;-moz-background-size:cover;-o-background-size:cover;background-size:cover;padding: 0px 0px 0px 0px;\"><div class=\"fusion-text fusion-text-4\"><h4 style=\"text-align: left;\">FECHA<\/h4>\n<\/div><div class=\"fusion-sep-clear\"><\/div><div class=\"fusion-separator fusion-full-width-sep\" style=\"margin-left: auto;margin-right: auto;margin-top:0px;margin-bottom:30px;width:100%;max-width:100%;\"><div class=\"fusion-separator-border sep-single sep-solid\" style=\"border-color:#3bafbf;border-top-width:2px;\"><\/div><\/div><div class=\"fusion-sep-clear\"><\/div><div class=\"fusion-text fusion-text-5\"><p><strong>13 de Mayo, 2024<\/strong><br \/>18:30<\/p>\n<\/div><div class=\"fusion-clearfix\"><\/div><\/div><\/div><div class=\"fusion-layout-column fusion_builder_column fusion-builder-column-3 fusion_builder_column_1_3 1_3 fusion-one-third fusion-column-last\" style=\"width:33.333333333333%;width:calc(33.333333333333% - ( ( 4% + 4% ) * 0.33333333333333 ) );margin-top:0px;margin-bottom:30px;\"><div class=\"fusion-column-wrapper fusion-flex-column-wrapper-legacy\" style=\"background-position:left top;background-repeat:no-repeat;-webkit-background-size:cover;-moz-background-size:cover;-o-background-size:cover;background-size:cover;padding: 0px 0px 0px 0px;\"><div class=\"fusion-text fusion-text-6\"><h4 style=\"text-align: left;\">LUGAR<\/h4>\n<\/div><div class=\"fusion-sep-clear\"><\/div><div class=\"fusion-separator fusion-full-width-sep\" style=\"margin-left: auto;margin-right: auto;margin-top:0px;margin-bottom:30px;width:100%;max-width:100%;\"><div class=\"fusion-separator-border sep-single sep-solid\" style=\"border-color:#3bafbf;border-top-width:2px;\"><\/div><\/div><div class=\"fusion-sep-clear\"><\/div><div class=\"fusion-text fusion-text-7\"><p><strong>Sal\u00f3n de actas de esta Real Academia de Farmacia de Catalu\u00f1a,<\/strong><\/p>\n<\/div><div class=\"fusion-align-block\"><style type=\"text\/css\">.fusion-button.button-2 {border-radius:2px;}<\/style><a class=\"fusion-button button-flat button-medium button-default button-2 fusion-button-default-span fusion-button-default-type\" target=\"_blank\" rel=\"noopener noreferrer\" href=\"https:\/\/rafc.cat\/\"><span class=\"fusion-button-text\">Sitio web<\/span><\/a><\/div><div class=\"fusion-clearfix\"><\/div><\/div><\/div><\/div><\/div>\n","protected":false},"excerpt":{"rendered":"","protected":false},"author":1,"featured_media":1595,"comment_status":"open","ping_status":"open","sticky":false,"template":"","format":"standard","meta":{"footnotes":""},"categories":[3,6,7],"tags":[],"yoast_head":"<!-- This site is optimized with the Yoast SEO plugin v21.0 - https:\/\/yoast.com\/wordpress\/plugins\/seo\/ -->\n<title>IA aplicada a salud y las nuevas perspectivas en el \u00e1mbito de la Farmacia y los medicamentos - Farmacia Dr.Carreras<\/title>\n<meta name=\"robots\" content=\"noindex, follow\" \/>\n<meta property=\"og:locale\" content=\"es_ES\" \/>\n<meta property=\"og:type\" content=\"article\" \/>\n<meta property=\"og:title\" content=\"IA aplicada a salud y las nuevas perspectivas en el \u00e1mbito de la Farmacia y los medicamentos - Farmacia Dr.Carreras\" \/>\n<meta property=\"og:url\" content=\"https:\/\/farmaciacarreras.es\/es\/ia-aplicada-a-salud-y-las-nuevas-perspectivas-en-el-ambito-de-la-farmacia-y-los-medicamentos\/\" \/>\n<meta property=\"og:site_name\" content=\"Farmacia Dr.Carreras\" \/>\n<meta property=\"article:published_time\" content=\"2024-05-24T07:16:08+00:00\" \/>\n<meta property=\"article:modified_time\" content=\"2024-05-24T07:18:54+00:00\" \/>\n<meta property=\"og:image\" content=\"https:\/\/farmaciacarreras.es\/wp-content\/uploads\/2021\/09\/CABECERA-PARTICULAR.jpg\" \/>\n\t<meta property=\"og:image:width\" content=\"1500\" \/>\n\t<meta property=\"og:image:height\" content=\"400\" \/>\n\t<meta property=\"og:image:type\" content=\"image\/jpeg\" \/>\n<meta name=\"author\" content=\"adminfc\" \/>\n<meta name=\"twitter:card\" content=\"summary_large_image\" \/>\n<meta name=\"twitter:label1\" content=\"Escrito por\" \/>\n\t<meta name=\"twitter:data1\" content=\"adminfc\" \/>\n\t<meta name=\"twitter:label2\" content=\"Tiempo de lectura\" \/>\n\t<meta name=\"twitter:data2\" content=\"11 minutos\" \/>\n<script type=\"application\/ld+json\" class=\"yoast-schema-graph\">{\"@context\":\"https:\/\/schema.org\",\"@graph\":[{\"@type\":\"Article\",\"@id\":\"https:\/\/farmaciacarreras.es\/es\/ia-aplicada-a-salud-y-las-nuevas-perspectivas-en-el-ambito-de-la-farmacia-y-los-medicamentos\/#article\",\"isPartOf\":{\"@id\":\"https:\/\/farmaciacarreras.es\/es\/ia-aplicada-a-salud-y-las-nuevas-perspectivas-en-el-ambito-de-la-farmacia-y-los-medicamentos\/\"},\"author\":{\"name\":\"adminfc\",\"@id\":\"https:\/\/farmaciacarreras.es\/es\/#\/schema\/person\/a26767c0fd5bef20f52747a752a0ed37\"},\"headline\":\"IA aplicada a salud y las nuevas perspectivas en el \u00e1mbito de la Farmacia y los medicamentos\",\"datePublished\":\"2024-05-24T07:16:08+00:00\",\"dateModified\":\"2024-05-24T07:18:54+00:00\",\"mainEntityOfPage\":{\"@id\":\"https:\/\/farmaciacarreras.es\/es\/ia-aplicada-a-salud-y-las-nuevas-perspectivas-en-el-ambito-de-la-farmacia-y-los-medicamentos\/\"},\"wordCount\":2128,\"commentCount\":0,\"publisher\":{\"@id\":\"https:\/\/farmaciacarreras.es\/es\/#organization\"},\"articleSection\":[\"Health\",\"Seniors\",\"Wellness\"],\"inLanguage\":\"es\",\"potentialAction\":[{\"@type\":\"CommentAction\",\"name\":\"Comment\",\"target\":[\"https:\/\/farmaciacarreras.es\/es\/ia-aplicada-a-salud-y-las-nuevas-perspectivas-en-el-ambito-de-la-farmacia-y-los-medicamentos\/#respond\"]}]},{\"@type\":\"WebPage\",\"@id\":\"https:\/\/farmaciacarreras.es\/es\/ia-aplicada-a-salud-y-las-nuevas-perspectivas-en-el-ambito-de-la-farmacia-y-los-medicamentos\/\",\"url\":\"https:\/\/farmaciacarreras.es\/es\/ia-aplicada-a-salud-y-las-nuevas-perspectivas-en-el-ambito-de-la-farmacia-y-los-medicamentos\/\",\"name\":\"IA aplicada a salud y las nuevas perspectivas en el \u00e1mbito de la Farmacia y los medicamentos - Farmacia Dr.Carreras\",\"isPartOf\":{\"@id\":\"https:\/\/farmaciacarreras.es\/es\/#website\"},\"datePublished\":\"2024-05-24T07:16:08+00:00\",\"dateModified\":\"2024-05-24T07:18:54+00:00\",\"breadcrumb\":{\"@id\":\"https:\/\/farmaciacarreras.es\/es\/ia-aplicada-a-salud-y-las-nuevas-perspectivas-en-el-ambito-de-la-farmacia-y-los-medicamentos\/#breadcrumb\"},\"inLanguage\":\"es\",\"potentialAction\":[{\"@type\":\"ReadAction\",\"target\":[\"https:\/\/farmaciacarreras.es\/es\/ia-aplicada-a-salud-y-las-nuevas-perspectivas-en-el-ambito-de-la-farmacia-y-los-medicamentos\/\"]}]},{\"@type\":\"BreadcrumbList\",\"@id\":\"https:\/\/farmaciacarreras.es\/es\/ia-aplicada-a-salud-y-las-nuevas-perspectivas-en-el-ambito-de-la-farmacia-y-los-medicamentos\/#breadcrumb\",\"itemListElement\":[{\"@type\":\"ListItem\",\"position\":1,\"name\":\"Portada\",\"item\":\"https:\/\/farmaciacarreras.es\/es\/\"},{\"@type\":\"ListItem\",\"position\":2,\"name\":\"IA aplicada a salud y las nuevas perspectivas en el \u00e1mbito de la Farmacia y los medicamentos\"}]},{\"@type\":\"WebSite\",\"@id\":\"https:\/\/farmaciacarreras.es\/es\/#website\",\"url\":\"https:\/\/farmaciacarreras.es\/es\/\",\"name\":\"Farmacia Dr.Carreras\",\"description\":\"FARMACIA DR. CARRERAS. Elaboraci\u00f3n y control de medicamentos. Tel 93 318 70 99 Fax 93 412 32 32. Carrer Hospital, 14 - 08001 Barcelona.\",\"publisher\":{\"@id\":\"https:\/\/farmaciacarreras.es\/es\/#organization\"},\"potentialAction\":[{\"@type\":\"SearchAction\",\"target\":{\"@type\":\"EntryPoint\",\"urlTemplate\":\"https:\/\/farmaciacarreras.es\/es\/?s={search_term_string}\"},\"query-input\":\"required name=search_term_string\"}],\"inLanguage\":\"es\"},{\"@type\":\"Organization\",\"@id\":\"https:\/\/farmaciacarreras.es\/es\/#organization\",\"name\":\"Farmacia Dr. Carreras\",\"url\":\"https:\/\/farmaciacarreras.es\/es\/\",\"logo\":{\"@type\":\"ImageObject\",\"inLanguage\":\"es\",\"@id\":\"https:\/\/farmaciacarreras.es\/es\/#\/schema\/logo\/image\/\",\"url\":\"https:\/\/farmaciacarreras.es\/wp-content\/uploads\/2015\/12\/LOGO-Texto-Home.jpg\",\"contentUrl\":\"https:\/\/farmaciacarreras.es\/wp-content\/uploads\/2015\/12\/LOGO-Texto-Home.jpg\",\"width\":120,\"height\":138,\"caption\":\"Farmacia Dr. Carreras\"},\"image\":{\"@id\":\"https:\/\/farmaciacarreras.es\/es\/#\/schema\/logo\/image\/\"}},{\"@type\":\"Person\",\"@id\":\"https:\/\/farmaciacarreras.es\/es\/#\/schema\/person\/a26767c0fd5bef20f52747a752a0ed37\",\"name\":\"adminfc\",\"image\":{\"@type\":\"ImageObject\",\"inLanguage\":\"es\",\"@id\":\"https:\/\/farmaciacarreras.es\/es\/#\/schema\/person\/image\/\",\"url\":\"https:\/\/secure.gravatar.com\/avatar\/0206c1aebccc91e6241919d6b352c8fb?s=96&d=mm&r=g\",\"contentUrl\":\"https:\/\/secure.gravatar.com\/avatar\/0206c1aebccc91e6241919d6b352c8fb?s=96&d=mm&r=g\",\"caption\":\"adminfc\"}}]}<\/script>\n<!-- \/ Yoast SEO plugin. -->","yoast_head_json":{"title":"IA aplicada a salud y las nuevas perspectivas en el \u00e1mbito de la Farmacia y los medicamentos - Farmacia Dr.Carreras","robots":{"index":"noindex","follow":"follow"},"og_locale":"es_ES","og_type":"article","og_title":"IA aplicada a salud y las nuevas perspectivas en el \u00e1mbito de la Farmacia y los medicamentos - Farmacia Dr.Carreras","og_url":"https:\/\/farmaciacarreras.es\/es\/ia-aplicada-a-salud-y-las-nuevas-perspectivas-en-el-ambito-de-la-farmacia-y-los-medicamentos\/","og_site_name":"Farmacia Dr.Carreras","article_published_time":"2024-05-24T07:16:08+00:00","article_modified_time":"2024-05-24T07:18:54+00:00","og_image":[{"width":1500,"height":400,"url":"https:\/\/farmaciacarreras.es\/wp-content\/uploads\/2021\/09\/CABECERA-PARTICULAR.jpg","type":"image\/jpeg"}],"author":"adminfc","twitter_card":"summary_large_image","twitter_misc":{"Escrito por":"adminfc","Tiempo de lectura":"11 minutos"},"schema":{"@context":"https:\/\/schema.org","@graph":[{"@type":"Article","@id":"https:\/\/farmaciacarreras.es\/es\/ia-aplicada-a-salud-y-las-nuevas-perspectivas-en-el-ambito-de-la-farmacia-y-los-medicamentos\/#article","isPartOf":{"@id":"https:\/\/farmaciacarreras.es\/es\/ia-aplicada-a-salud-y-las-nuevas-perspectivas-en-el-ambito-de-la-farmacia-y-los-medicamentos\/"},"author":{"name":"adminfc","@id":"https:\/\/farmaciacarreras.es\/es\/#\/schema\/person\/a26767c0fd5bef20f52747a752a0ed37"},"headline":"IA aplicada a salud y las nuevas perspectivas en el \u00e1mbito de la Farmacia y los medicamentos","datePublished":"2024-05-24T07:16:08+00:00","dateModified":"2024-05-24T07:18:54+00:00","mainEntityOfPage":{"@id":"https:\/\/farmaciacarreras.es\/es\/ia-aplicada-a-salud-y-las-nuevas-perspectivas-en-el-ambito-de-la-farmacia-y-los-medicamentos\/"},"wordCount":2128,"commentCount":0,"publisher":{"@id":"https:\/\/farmaciacarreras.es\/es\/#organization"},"articleSection":["Health","Seniors","Wellness"],"inLanguage":"es","potentialAction":[{"@type":"CommentAction","name":"Comment","target":["https:\/\/farmaciacarreras.es\/es\/ia-aplicada-a-salud-y-las-nuevas-perspectivas-en-el-ambito-de-la-farmacia-y-los-medicamentos\/#respond"]}]},{"@type":"WebPage","@id":"https:\/\/farmaciacarreras.es\/es\/ia-aplicada-a-salud-y-las-nuevas-perspectivas-en-el-ambito-de-la-farmacia-y-los-medicamentos\/","url":"https:\/\/farmaciacarreras.es\/es\/ia-aplicada-a-salud-y-las-nuevas-perspectivas-en-el-ambito-de-la-farmacia-y-los-medicamentos\/","name":"IA aplicada a salud y las nuevas perspectivas en el \u00e1mbito de la Farmacia y los medicamentos - Farmacia Dr.Carreras","isPartOf":{"@id":"https:\/\/farmaciacarreras.es\/es\/#website"},"datePublished":"2024-05-24T07:16:08+00:00","dateModified":"2024-05-24T07:18:54+00:00","breadcrumb":{"@id":"https:\/\/farmaciacarreras.es\/es\/ia-aplicada-a-salud-y-las-nuevas-perspectivas-en-el-ambito-de-la-farmacia-y-los-medicamentos\/#breadcrumb"},"inLanguage":"es","potentialAction":[{"@type":"ReadAction","target":["https:\/\/farmaciacarreras.es\/es\/ia-aplicada-a-salud-y-las-nuevas-perspectivas-en-el-ambito-de-la-farmacia-y-los-medicamentos\/"]}]},{"@type":"BreadcrumbList","@id":"https:\/\/farmaciacarreras.es\/es\/ia-aplicada-a-salud-y-las-nuevas-perspectivas-en-el-ambito-de-la-farmacia-y-los-medicamentos\/#breadcrumb","itemListElement":[{"@type":"ListItem","position":1,"name":"Portada","item":"https:\/\/farmaciacarreras.es\/es\/"},{"@type":"ListItem","position":2,"name":"IA aplicada a salud y las nuevas perspectivas en el \u00e1mbito de la Farmacia y los medicamentos"}]},{"@type":"WebSite","@id":"https:\/\/farmaciacarreras.es\/es\/#website","url":"https:\/\/farmaciacarreras.es\/es\/","name":"Farmacia Dr.Carreras","description":"FARMACIA DR. CARRERAS. Elaboraci\u00f3n y control de medicamentos. Tel 93 318 70 99 Fax 93 412 32 32. Carrer Hospital, 14 - 08001 Barcelona.","publisher":{"@id":"https:\/\/farmaciacarreras.es\/es\/#organization"},"potentialAction":[{"@type":"SearchAction","target":{"@type":"EntryPoint","urlTemplate":"https:\/\/farmaciacarreras.es\/es\/?s={search_term_string}"},"query-input":"required name=search_term_string"}],"inLanguage":"es"},{"@type":"Organization","@id":"https:\/\/farmaciacarreras.es\/es\/#organization","name":"Farmacia Dr. Carreras","url":"https:\/\/farmaciacarreras.es\/es\/","logo":{"@type":"ImageObject","inLanguage":"es","@id":"https:\/\/farmaciacarreras.es\/es\/#\/schema\/logo\/image\/","url":"https:\/\/farmaciacarreras.es\/wp-content\/uploads\/2015\/12\/LOGO-Texto-Home.jpg","contentUrl":"https:\/\/farmaciacarreras.es\/wp-content\/uploads\/2015\/12\/LOGO-Texto-Home.jpg","width":120,"height":138,"caption":"Farmacia Dr. Carreras"},"image":{"@id":"https:\/\/farmaciacarreras.es\/es\/#\/schema\/logo\/image\/"}},{"@type":"Person","@id":"https:\/\/farmaciacarreras.es\/es\/#\/schema\/person\/a26767c0fd5bef20f52747a752a0ed37","name":"adminfc","image":{"@type":"ImageObject","inLanguage":"es","@id":"https:\/\/farmaciacarreras.es\/es\/#\/schema\/person\/image\/","url":"https:\/\/secure.gravatar.com\/avatar\/0206c1aebccc91e6241919d6b352c8fb?s=96&d=mm&r=g","contentUrl":"https:\/\/secure.gravatar.com\/avatar\/0206c1aebccc91e6241919d6b352c8fb?s=96&d=mm&r=g","caption":"adminfc"}}]}},"_links":{"self":[{"href":"https:\/\/farmaciacarreras.es\/es\/wp-json\/wp\/v2\/posts\/1746"}],"collection":[{"href":"https:\/\/farmaciacarreras.es\/es\/wp-json\/wp\/v2\/posts"}],"about":[{"href":"https:\/\/farmaciacarreras.es\/es\/wp-json\/wp\/v2\/types\/post"}],"author":[{"embeddable":true,"href":"https:\/\/farmaciacarreras.es\/es\/wp-json\/wp\/v2\/users\/1"}],"replies":[{"embeddable":true,"href":"https:\/\/farmaciacarreras.es\/es\/wp-json\/wp\/v2\/comments?post=1746"}],"version-history":[{"count":3,"href":"https:\/\/farmaciacarreras.es\/es\/wp-json\/wp\/v2\/posts\/1746\/revisions"}],"predecessor-version":[{"id":1749,"href":"https:\/\/farmaciacarreras.es\/es\/wp-json\/wp\/v2\/posts\/1746\/revisions\/1749"}],"wp:featuredmedia":[{"embeddable":true,"href":"https:\/\/farmaciacarreras.es\/es\/wp-json\/wp\/v2\/media\/1595"}],"wp:attachment":[{"href":"https:\/\/farmaciacarreras.es\/es\/wp-json\/wp\/v2\/media?parent=1746"}],"wp:term":[{"taxonomy":"category","embeddable":true,"href":"https:\/\/farmaciacarreras.es\/es\/wp-json\/wp\/v2\/categories?post=1746"},{"taxonomy":"post_tag","embeddable":true,"href":"https:\/\/farmaciacarreras.es\/es\/wp-json\/wp\/v2\/tags?post=1746"}],"curies":[{"name":"wp","href":"https:\/\/api.w.org\/{rel}","templated":true}]}}